{"id":2321,"date":"2023-01-02T06:56:53","date_gmt":"2023-01-02T09:56:53","guid":{"rendered":"https:\/\/www.correiodascidades.com.br\/v1\/?p=2321"},"modified":"2023-01-02T07:01:23","modified_gmt":"2023-01-02T10:01:23","slug":"posse-do-presidente-da-camara-de-vereadores-sera-nesta-segunda-feira","status":"publish","type":"post","link":"https:\/\/www.correiodascidades.com.br\/v1\/2023\/01\/02\/posse-do-presidente-da-camara-de-vereadores-sera-nesta-segunda-feira\/","title":{"rendered":"ILH\u00c9US: Posse do Presidente da C\u00e2mara de Vereadores ser\u00e1 nesta segunda feira"},"content":{"rendered":"<p><img loading=\"lazy\" class=\"\" src=\"https:\/\/www.correiodascidades.com.br\/v1\/wp-content\/uploads\/2023\/01\/transferir-_2_.jpeg\" width=\"607\" height=\"869\" \/><\/p>\n<p>Nesta segunda feira (02) de Janeiro, \u00e1 C\u00e2mara de Vereadores da cidade estar\u00e1 realizando a partir d\u00e1s 14h, a sess\u00e3o solene de posse do Vereador Abra\u00e3o Oliveira dos Santos.<!--more--><\/p>\n<p>O ato como de praxe acontecer\u00e1 no plen\u00e1rio da casa parlamentar com a presen\u00e7a do prefeito municipal, outras autoridades foram convidadas incluindo a imprensa.<\/p>\n<p>O ato \u00e9 formal de acordo com o estatuto regimental,\u00a0 Abr\u00e3o comandar\u00e1 o legislativo de Ilh\u00e9us no exerc\u00edcio 2023 \/ 2024.<\/p>\n<p>&nbsp;<\/p>\n<p>&nbsp;<\/p>\n","protected":false},"excerpt":{"rendered":"<p>Nesta segunda feira (02) de Janeiro, \u00e1 C\u00e2mara de Vereadores da cidade estar\u00e1 realizando a partir d\u00e1s 14h, a sess\u00e3o solene de posse do Vereador Abra\u00e3o Oliveira dos Santos.<\/p>\n","protected":false},"author":3,"featured_media":2322,"comment_status":"closed","ping_status":"closed","sticky":false,"template":"","format":"standard","meta":{"_links_to":"","_links_to_target":""},"categories":[2],"tags":[],"_links":{"self":[{"href":"https:\/\/www.correiodascidades.com.br\/v1\/wp-json\/wp\/v2\/posts\/2321"}],"collection":[{"href":"https:\/\/www.correiodascidades.com.br\/v1\/wp-json\/wp\/v2\/posts"}],"about":[{"href":"https:\/\/www.correiodascidades.com.br\/v1\/wp-json\/wp\/v2\/types\/post"}],"author":[{"embeddable":true,"href":"https:\/\/www.correiodascidades.com.br\/v1\/wp-json\/wp\/v2\/users\/3"}],"replies":[{"embeddable":true,"href":"https:\/\/www.correiodascidades.com.br\/v1\/wp-json\/wp\/v2\/comments?post=2321"}],"version-history":[{"count":4,"href":"https:\/\/www.correiodascidades.com.br\/v1\/wp-json\/wp\/v2\/posts\/2321\/revisions"}],"predecessor-version":[{"id":2326,"href":"https:\/\/www.correiodascidades.com.br\/v1\/wp-json\/wp\/v2\/posts\/2321\/revisions\/2326"}],"wp:featuredmedia":[{"embeddable":true,"href":"https:\/\/www.correiodascidades.com.br\/v1\/wp-json\/wp\/v2\/media\/2322"}],"wp:attachment":[{"href":"https:\/\/www.correiodascidades.com.br\/v1\/wp-json\/wp\/v2\/media?parent=2321"}],"wp:term":[{"taxonomy":"category","embeddable":true,"href":"https:\/\/www.correiodascidades.com.br\/v1\/wp-json\/wp\/v2\/categories?post=2321"},{"taxonomy":"post_tag","embeddable":true,"href":"https:\/\/www.correiodascidades.com.br\/v1\/wp-json\/wp\/v2\/tags?post=2321"}],"curies":[{"name":"wp","href":"https:\/\/api.w.org\/{rel}","templated":true}]}}