{"id":2328,"date":"2023-01-02T16:51:54","date_gmt":"2023-01-02T19:51:54","guid":{"rendered":"https:\/\/www.correiodascidades.com.br\/v1\/?p=2328"},"modified":"2023-01-02T16:51:54","modified_gmt":"2023-01-02T19:51:54","slug":"abraao-toma-posse-como-presidente-da-camara-de-vereadores-de-ilheus","status":"publish","type":"post","link":"https:\/\/www.correiodascidades.com.br\/v1\/2023\/01\/02\/abraao-toma-posse-como-presidente-da-camara-de-vereadores-de-ilheus\/","title":{"rendered":"Abra\u00e3o toma posse como Presidente da C\u00e2mara de Vereadores de Ilh\u00e9us"},"content":{"rendered":"<p><img src=\"https:\/\/www.correiodascidades.com.br\/v1\/wp-content\/uploads\/2023\/01\/0c9b9997-da80-4cc7-b9c1-0da02f9b169b-salva.jpeg\" \/><\/p>\n<p>O Vereador Abra\u00e3o (PDT) tomou posse nesta segunda-feira, 02 de janeiro de 2023, como Presidente da C\u00e2mara de Vereadores de Ilh\u00e9us para o bi\u00eanio 2023-2024, em uma solenidade que aconteceu no Plen\u00e1rio Gilberto Fialho, e contou com a presen\u00e7a de autoridades e pol\u00edticos do munic\u00edpio. <!--more--><\/p>\n<p>Ap\u00f3s tomar posse, Abra\u00e3o agradeceu a todos os envolvidos na sua elei\u00e7\u00e3o \u00e0 presid\u00eancia e garantiu que o seu mandato ser\u00e1 democr\u00e1tico e respons\u00e1vel, sempre levando em considera\u00e7\u00e3o o bem estar da popula\u00e7\u00e3o. \u201cNesta Casa a popula\u00e7\u00e3o continuar\u00e1 tendo voz e ela estar\u00e1 sempre aberta para todos, pois aqui \u00e9 a Casa do Povo e a vontade dele sempre prevalecer\u00e1\u201d, destacou o presidente.<\/p>\n<p>Durante o seu discurso, Abraao enfatizou que pretende dar continuidade ao trabalho que vinha sendo desenvolvido pelo agora ex presidente o vereador Jerbson Moraes (PSD). \u201cH\u00e1 2 anos o vereador Jerbson Moraes deu in\u00edcio a uma nova forma de presidir, com mais transpar\u00eancia, democracia e buscando sempre aproximar esta Casa da popula\u00e7\u00e3o, nos levando at\u00e9 \u00e0s comunidades e tamb\u00e9m trazendo elas a n\u00f3s. A C\u00e2mara de Vereadores tem vivido uma grande evolu\u00e7\u00e3o e transforma\u00e7\u00e3o nestes \u00faltimos anos, n\u00e3o apenas de discursos, mas de pr\u00e1ticas efetivas que de fato tem mudado a realidade desta Casa\u201d, enfatizou.<\/p>\n<p>Ap\u00f3s agradecer aos colegas e ao seu partido, o PDT, o atual presidente declarou que sua gest\u00e3o ser\u00e1 democr\u00e1tica e que todos os vereadores ter\u00e3o voz e ser\u00e3o ouvidos.<\/p>\n<p>Tamb\u00e9m tomaram posse nesta segunda-feira como vice-presidente, o vereador Ivo Evangelista (Republicanos), 1\u00ba Secret\u00e1rio \u2013 C\u00e9sar Porto (PSB) &#8211; e 2\u00ba Secret\u00e1rio \u2013 Fabr\u00edcio Nascimento (PSB).<\/p>\n","protected":false},"excerpt":{"rendered":"<p>O Vereador Abra\u00e3o (PDT) tomou posse nesta segunda-feira, 02 de janeiro de 2023, como Presidente da C\u00e2mara de Vereadores de Ilh\u00e9us para o bi\u00eanio 2023-2024, em uma solenidade que aconteceu no Plen\u00e1rio Gilberto Fialho, e contou com a presen\u00e7a de autoridades e pol\u00edticos do munic\u00edpio.<\/p>\n","protected":false},"author":3,"featured_media":2329,"comment_status":"closed","ping_status":"closed","sticky":false,"template":"","format":"standard","meta":{"_links_to":"","_links_to_target":""},"categories":[2],"tags":[],"_links":{"self":[{"href":"https:\/\/www.correiodascidades.com.br\/v1\/wp-json\/wp\/v2\/posts\/2328"}],"collection":[{"href":"https:\/\/www.correiodascidades.com.br\/v1\/wp-json\/wp\/v2\/posts"}],"about":[{"href":"https:\/\/www.correiodascidades.com.br\/v1\/wp-json\/wp\/v2\/types\/post"}],"author":[{"embeddable":true,"href":"https:\/\/www.correiodascidades.com.br\/v1\/wp-json\/wp\/v2\/users\/3"}],"replies":[{"embeddable":true,"href":"https:\/\/www.correiodascidades.com.br\/v1\/wp-json\/wp\/v2\/comments?post=2328"}],"version-history":[{"count":1,"href":"https:\/\/www.correiodascidades.com.br\/v1\/wp-json\/wp\/v2\/posts\/2328\/revisions"}],"predecessor-version":[{"id":2330,"href":"https:\/\/www.correiodascidades.com.br\/v1\/wp-json\/wp\/v2\/posts\/2328\/revisions\/2330"}],"wp:featuredmedia":[{"embeddable":true,"href":"https:\/\/www.correiodascidades.com.br\/v1\/wp-json\/wp\/v2\/media\/2329"}],"wp:attachment":[{"href":"https:\/\/www.correiodascidades.com.br\/v1\/wp-json\/wp\/v2\/media?parent=2328"}],"wp:term":[{"taxonomy":"category","embeddable":true,"href":"https:\/\/www.correiodascidades.com.br\/v1\/wp-json\/wp\/v2\/categories?post=2328"},{"taxonomy":"post_tag","embeddable":true,"href":"https:\/\/www.correiodascidades.com.br\/v1\/wp-json\/wp\/v2\/tags?post=2328"}],"curies":[{"name":"wp","href":"https:\/\/api.w.org\/{rel}","templated":true}]}}