{"id":2331,"date":"2023-01-03T07:55:23","date_gmt":"2023-01-03T10:55:23","guid":{"rendered":"https:\/\/www.correiodascidades.com.br\/v1\/?p=2331"},"modified":"2023-01-03T07:55:23","modified_gmt":"2023-01-03T10:55:23","slug":"2022-o-ano-em-que-a-justica-subiu-no-palanque","status":"publish","type":"post","link":"https:\/\/www.correiodascidades.com.br\/v1\/2023\/01\/03\/2022-o-ano-em-que-a-justica-subiu-no-palanque\/","title":{"rendered":"2022, o ano em que a Justi\u00e7a subiu no palanque"},"content":{"rendered":"<div class=\"main-content tie-col-md-8 tie-col-xs-12\" role=\"main\">\n<article id=\"the-post\" class=\"container-wrapper post-content tie-standard\">\n<div class=\"entry-content entry clearfix\">\n<p><img loading=\"lazy\" class=\"\" src=\"https:\/\/www.correiodascidades.com.br\/v1\/wp-content\/uploads\/2023\/01\/supremo.foto-jose-cruz.jpg\" width=\"582\" height=\"348\" \/><\/p>\n<p>O futuro, os historiadores mal acreditar\u00e3o na pol\u00edtica brasileira no ano da gra\u00e7a de 2022, quando, a pretexto de combater o \u201cautoritarismo\u201d e o \u201crisco \u00e0 democracia\u201d de um presidente democraticamente eleito pelo povo quatro anos antes, suas excel\u00eancias de cortes superiores mudaram a cor da toga e subiram no palanque. O ano em que o Brasil assistiu ao show de horrores em que a Suprema Corte atuou como delegacia de pol\u00edcia, promotoria e juiz. Na premia\u00e7\u00e3o anual desta coluna, o STF leva, com distin\u00e7\u00e3o, nosso maior trof\u00e9u: \u201cNapole\u00e3o era Apenas uma Crian\u00e7a\u201d.<\/p>\n<div id=\"Nota-7\" class=\"entry-block ch-nota Nota-7\"><\/div>\n<\/div>\n<\/article>\n<\/div>\n<p><!--more--><\/p>\n<div id=\"Nota-7\" class=\"entry-block ch-nota Nota-7\">\n<h3>Pr\u00eamio Novil\u00edngua<\/h3>\n<\/div>\n<p>A dupla TSE\/STF tem a medalha \u201c1984\u201d por se utilizar de autoritarismo, como disse o New York Times, contra supostos \u201catos antidemocr\u00e1ticos\u201d.<\/p>\n<div id=\"Nota-8\" class=\"entry-block ch-nota Nota-8\">\n<h3>Aqui me tens de regresso<\/h3>\n<\/div>\n<p>De volta \u00e0 boemia do Alvorada, Lula arrebata o trof\u00e9u Nelson Gon\u00e7alves de Lata, com todas as v\u00eanias \u00e0 mem\u00f3ria do cantor amado pelo Brasil.<\/p>\n<div id=\"Nota-9\" class=\"entry-block ch-nota Nota-9\">\n<h3>Papel\u00e3o do ano<\/h3>\n<\/div>\n<p>Incapaz de marchar direito \u00e0 frente dos seus, que abandonou ap\u00f3s a derrota, Bolsonaro arrebata a Ta\u00e7a Cabe\u00e7a de Papel.<\/p>\n<div class=\"cardPoderSemPudor\">\n<header>\n<h4><span class=\"highlight\">Poder sem Pudor<\/span><\/h4>\n<\/header>\n<p><img class=\"alignright\" src=\"https:\/\/uploads.diariodopoder.com.br\/2020\/09\/Cachorro-nao-vota-300x200.jpg\" alt=\"\" data-pin-no-hover=\"true\" \/><\/p>\n<h3 class=\"cardPoderSemPudorCard\">Cachorro n\u00e3o vota<\/h3>\n<p>Cena contada por Sim\u00e3o Pessoa, no seu \u201cFolclore Pol\u00edtico do Amazonas\u201d: um homem chega para votar em Iranduba, na elei\u00e7\u00e3o de 2000, seguido por um c\u00e3o. \u201cVai embora, Fa\u00edsca!\u201d, ordena. Mas o cachorro o ignora. \u201cDeixa de ser intrometido, Fa\u00edsca!\u201d, insiste. Como o animal n\u00e3o arredava patas, tomou um chute nas costelas. O pobrezinho saiu em disparada, ganindo. O homem explicou suas raz\u00f5es aos demais eleitores, indignados com a agress\u00e3o: \u201cBicho besta, esse Fa\u00edsca. Eu j\u00e1 disse que aqui a gente pode votar em cachorro, mas cachorro ainda n\u00e3o pode votar\u2026\u201d<\/p>\n<\/div>\n<div id=\"Nota-10\" class=\"entry-block ch-nota Nota-10\">\n<h3>Apoiar sem intervir<\/h3>\n<\/div>\n<p>O governo vai mesmo apoiar Arthur Lira (PP-AL) e Rodrigo Pacheco (PSD-MG), para o comando da C\u00e2mara e do Senado, respectivamente. O primeiro por n\u00e3o conseguir derrotar, o outro por servi\u00e7os prestados.<\/p>\n<div id=\"Nota-11\" class=\"entry-block ch-nota Nota-11\">\n<h3>Foi o jeito<\/h3>\n<\/div>\n<p>Marina Silva levou o Minist\u00e9rio do Meio Ambiente, mas n\u00e3o era o desejo original de Lula. Queria Izabella Teixeira, ex-titular da pasta no governo Dilma. H\u00e1 um certo ci\u00fame do protagonismo internacional de Marina.<\/p>\n<div id=\"Nota-12\" class=\"entry-block ch-nota Nota-12\">\n<h3>Dilma \u00e9 para esquecer<\/h3>\n<\/div>\n<p>Uma das mais amadas especialistas em finan\u00e7as etc. do Pa\u00eds, Renata Barreto lembrou no podcast de Bruno Perini, sucesso no youtube, que Dilma Rousseff \u201cconseguiu ser pior do que guerra e pandemia juntas\u201d. E concluiu: \u201c\u00c9 preciso ser muito \u2018competente\u2019 para fazer tanta merda\u201d.<\/p>\n<div id=\"Nota-13\" class=\"entry-block ch-nota Nota-13\">\n<h3>Chupando dedo<\/h3>\n<\/div>\n<p>O PT de Pernambuco, terra do presidente eleito Lula, virou um pote at\u00e9 aqui de m\u00e1goas. N\u00e3o emplacou ningu\u00e9m na Esplanada, frustrando, por exemplo, o senador Humberto Costa, que queria ser ministro da Sa\u00fade.<\/p>\n<div id=\"Nota-14\" class=\"entry-block ch-nota Nota-14\">\n<h3>Alertas suspeitos<\/h3>\n<\/div>\n<p>Bras\u00edlia segue com as suspeit\u00edssimas den\u00fancias de \u201cbomba\u201d. Foram seis em sete dias. A \u00faltima, uma lixeira com o suposto explosivo, tinha o \u00f3bvio: lixo! Claro que foi na sexta-feira, o que acabou com expediente.<\/p>\n<div id=\"Nota-15\" class=\"entry-block ch-nota Nota-15\">\n<h3>Sobrou<\/h3>\n<\/div>\n<p>Quem j\u00e1 estava at\u00e9 com o terno novo comprado para virar ministro de Lula, na cota do MDB, era o deputado federal Jos\u00e9 Priante. Perdeu a vaga para Jader Barbalho Filho, cujo pai \u00e9 o enrolad\u00edssimo senador.<\/p>\n<div id=\"Nota-16\" class=\"entry-block ch-nota Nota-16\">\n<h3>Um em 37<\/h3>\n<\/div>\n<p>Sobre a nomea\u00e7\u00e3o de Jos\u00e9 M\u00facio Monteiro para o Minist\u00e9rio da Defesa, a leitora \u00c9rica Kiss lembrou: \u201cCom 37 nomes [para compor a nova Esplanada de Lula] era imposs\u00edvel n\u00e3o acertar alguns\u201d.<\/p>\n<div id=\"Nota-17\" class=\"entry-block ch-nota Nota-17\">\n<h3>O filho \u00e9 teu<\/h3>\n<\/div>\n<p>O ministro das Comunica\u00e7\u00f5es de Lula, Juscelino Filho, teve a indica\u00e7\u00e3o bancada por Davi Alcolumbre. A vaga era da Professora Dorinha, que, como adiantou a coluna, acabou rifada pelo senador do Amap\u00e1.<\/p>\n<div id=\"Nota-18\" class=\"entry-block ch-nota Nota-18\">\n<h3>Pensando bem\u2026<\/h3>\n<\/div>\n<p>\u2026ap\u00f3s constrangedor sil\u00eancio desde 30 de outubro, Bolsonaro poderia ter poupado os brasileiros do seu discurso e dizer apenas \u201cfui!\u201d<\/p>\n","protected":false},"excerpt":{"rendered":"<p>O futuro, os historiadores mal acreditar\u00e3o na pol\u00edtica brasileira no ano da gra\u00e7a de 2022, quando, a pretexto de combater o \u201cautoritarismo\u201d e o \u201crisco \u00e0 democracia\u201d de um presidente democraticamente eleito pelo povo quatro anos antes, suas excel\u00eancias de cortes superiores mudaram a cor da toga e subiram no palanque. O ano em que [&hellip;]<\/p>\n","protected":false},"author":3,"featured_media":2332,"comment_status":"closed","ping_status":"closed","sticky":false,"template":"","format":"standard","meta":{"_links_to":"","_links_to_target":""},"categories":[2],"tags":[],"_links":{"self":[{"href":"https:\/\/www.correiodascidades.com.br\/v1\/wp-json\/wp\/v2\/posts\/2331"}],"collection":[{"href":"https:\/\/www.correiodascidades.com.br\/v1\/wp-json\/wp\/v2\/posts"}],"about":[{"href":"https:\/\/www.correiodascidades.com.br\/v1\/wp-json\/wp\/v2\/types\/post"}],"author":[{"embeddable":true,"href":"https:\/\/www.correiodascidades.com.br\/v1\/wp-json\/wp\/v2\/users\/3"}],"replies":[{"embeddable":true,"href":"https:\/\/www.correiodascidades.com.br\/v1\/wp-json\/wp\/v2\/comments?post=2331"}],"version-history":[{"count":1,"href":"https:\/\/www.correiodascidades.com.br\/v1\/wp-json\/wp\/v2\/posts\/2331\/revisions"}],"predecessor-version":[{"id":2333,"href":"https:\/\/www.correiodascidades.com.br\/v1\/wp-json\/wp\/v2\/posts\/2331\/revisions\/2333"}],"wp:featuredmedia":[{"embeddable":true,"href":"https:\/\/www.correiodascidades.com.br\/v1\/wp-json\/wp\/v2\/media\/2332"}],"wp:attachment":[{"href":"https:\/\/www.correiodascidades.com.br\/v1\/wp-json\/wp\/v2\/media?parent=2331"}],"wp:term":[{"taxonomy":"category","embeddable":true,"href":"https:\/\/www.correiodascidades.com.br\/v1\/wp-json\/wp\/v2\/categories?post=2331"},{"taxonomy":"post_tag","embeddable":true,"href":"https:\/\/www.correiodascidades.com.br\/v1\/wp-json\/wp\/v2\/tags?post=2331"}],"curies":[{"name":"wp","href":"https:\/\/api.w.org\/{rel}","templated":true}]}}