{"id":2340,"date":"2023-01-03T08:20:02","date_gmt":"2023-01-03T11:20:02","guid":{"rendered":"https:\/\/www.correiodascidades.com.br\/v1\/?p=2340"},"modified":"2023-01-03T08:20:02","modified_gmt":"2023-01-03T11:20:02","slug":"crianca-de-4-anos-morre-apos-ser-picada-por-escorpiao","status":"publish","type":"post","link":"https:\/\/www.correiodascidades.com.br\/v1\/2023\/01\/03\/crianca-de-4-anos-morre-apos-ser-picada-por-escorpiao\/","title":{"rendered":"Crian\u00e7a de 4 anos morre ap\u00f3s ser picada por escorpi\u00e3o"},"content":{"rendered":"<p><img loading=\"lazy\" class=\"\" src=\"https:\/\/www.correiodascidades.com.br\/v1\/wp-content\/uploads\/2023\/01\/transferir-escorpiao-grande.jpg\" width=\"595\" height=\"396\" \/><\/p>\n<p>Um menino de 4 anos morreu v\u00edtima de uma picada de escorpi\u00e3o. Ap\u00f3s acordar com dor e v\u00f4mito, a crian\u00e7a foi atendida no Pronto-Socorro de Birigui (SP), na madrugada de s\u00e1bado (31). Algumas horas depois, o menino foi transferido para a Santa Casa de Ara\u00e7atuba e internado na Unidade de Terapia Intensiva (UTI), mas n\u00e3o resistiu e morreu. <!--more--><\/p>\n<p>\u201cA Benefic\u00eancia Hospitalar de Ces\u00e1rio Lange informa que foi instaurada sindic\u00e2ncia para apura\u00e7\u00e3o dos fatos ocorridos, e que os profissionais m\u00e9dicos envolvidos foram afastados de suas atividades at\u00e9 a conclus\u00e3o da sindic\u00e2ncia\u201d, alegou a OSS. Em nota, a OSS gestora do Pronto-Socorro disse que a crian\u00e7a deu entrada com v\u00f4mito e sem ind\u00edcios de picada de escorpi\u00e3o.<\/p>\n<p>J\u00e1 a Prefeitura de Birigui lamentou a morte e se solidarizou com a fam\u00edlia da crian\u00e7a. \u201cA Secretaria de Sa\u00fade informa que j\u00e1 est\u00e1 acompanhando todo o processo de sindic\u00e2ncia aberto pela OSS gestora do Pronto-Socorro\u201d, informou a prefeitura. (BNews)<\/p>\n","protected":false},"excerpt":{"rendered":"<p>Um menino de 4 anos morreu v\u00edtima de uma picada de escorpi\u00e3o. Ap\u00f3s acordar com dor e v\u00f4mito, a crian\u00e7a foi atendida no Pronto-Socorro de Birigui (SP), na madrugada de s\u00e1bado (31). Algumas horas depois, o menino foi transferido para a Santa Casa de Ara\u00e7atuba e internado na Unidade de Terapia Intensiva (UTI), mas n\u00e3o [&hellip;]<\/p>\n","protected":false},"author":3,"featured_media":2341,"comment_status":"closed","ping_status":"closed","sticky":false,"template":"","format":"standard","meta":{"_links_to":"","_links_to_target":""},"categories":[2],"tags":[],"_links":{"self":[{"href":"https:\/\/www.correiodascidades.com.br\/v1\/wp-json\/wp\/v2\/posts\/2340"}],"collection":[{"href":"https:\/\/www.correiodascidades.com.br\/v1\/wp-json\/wp\/v2\/posts"}],"about":[{"href":"https:\/\/www.correiodascidades.com.br\/v1\/wp-json\/wp\/v2\/types\/post"}],"author":[{"embeddable":true,"href":"https:\/\/www.correiodascidades.com.br\/v1\/wp-json\/wp\/v2\/users\/3"}],"replies":[{"embeddable":true,"href":"https:\/\/www.correiodascidades.com.br\/v1\/wp-json\/wp\/v2\/comments?post=2340"}],"version-history":[{"count":1,"href":"https:\/\/www.correiodascidades.com.br\/v1\/wp-json\/wp\/v2\/posts\/2340\/revisions"}],"predecessor-version":[{"id":2342,"href":"https:\/\/www.correiodascidades.com.br\/v1\/wp-json\/wp\/v2\/posts\/2340\/revisions\/2342"}],"wp:featuredmedia":[{"embeddable":true,"href":"https:\/\/www.correiodascidades.com.br\/v1\/wp-json\/wp\/v2\/media\/2341"}],"wp:attachment":[{"href":"https:\/\/www.correiodascidades.com.br\/v1\/wp-json\/wp\/v2\/media?parent=2340"}],"wp:term":[{"taxonomy":"category","embeddable":true,"href":"https:\/\/www.correiodascidades.com.br\/v1\/wp-json\/wp\/v2\/categories?post=2340"},{"taxonomy":"post_tag","embeddable":true,"href":"https:\/\/www.correiodascidades.com.br\/v1\/wp-json\/wp\/v2\/tags?post=2340"}],"curies":[{"name":"wp","href":"https:\/\/api.w.org\/{rel}","templated":true}]}}