{"id":2343,"date":"2023-01-03T08:24:02","date_gmt":"2023-01-03T11:24:02","guid":{"rendered":"https:\/\/www.correiodascidades.com.br\/v1\/?p=2343"},"modified":"2023-01-03T08:24:02","modified_gmt":"2023-01-03T11:24:02","slug":"gas-de-cozinha-vai-baixar-de-preco-a-partir-desta-terca-feira-3","status":"publish","type":"post","link":"https:\/\/www.correiodascidades.com.br\/v1\/2023\/01\/03\/gas-de-cozinha-vai-baixar-de-preco-a-partir-desta-terca-feira-3\/","title":{"rendered":"G\u00e1s de cozinha vai baixar de pre\u00e7o a partir desta ter\u00e7a-feira (3)"},"content":{"rendered":"<p><img loading=\"lazy\" class=\"\" src=\"https:\/\/www.correiodascidades.com.br\/v1\/wp-content\/uploads\/2023\/01\/85744f3123037770433e093bc8b3.jpeg\" width=\"598\" height=\"284\" \/><\/p>\n<p>Apesar da Acelen ter anunciado, na \u00faltima sexta-feira (30), que o g\u00e1s de cozinha (GLP) comercializado pela Refinaria de Mataripe, em S\u00e3o Francisco do Conde, no Rec\u00f4ncavo, para as distribuidoras ficaria 13,2% mais barato a partir de domingo (1\u00ba), isso come\u00e7a a acontecer a partir de hoje, ter\u00e7a-feira, 3 de janeiro. <!--more-->De acordo com<strong>\u00a0<\/strong>Sindicato dos Revendedores de G\u00e1s\u00a0do Estado da Bahia (Sinrevg\u00e1s) o estoque precisa ser vendido para depois baixar o pre\u00e7o que deve ficar entre R$ 5,00 a R$6,00 mais barato para o consumidor dependendo do bairro em que mora.<\/p>\n<p>Em m\u00e9dia, em Salvador o pre\u00e7o do botij\u00e3o de g\u00e1s de 13kg est\u00e1 custando R$110,00 e o consumidor pode come\u00e7ar a pagar R$104,00. \u201cAs distribuidoras devem come\u00e7ar a zerar os produtos hoje (segunda-feira) e a partir de amanh\u00e3 (ter\u00e7a-feira) ent\u00e3o recebem novos produtos, pelos quais pagar\u00e3o j\u00e1 com a redu\u00e7\u00e3o que ser\u00e1 repassada ao consumidor. A refinaria revisa os pre\u00e7os a partir do dia 1\u00ba de cada m\u00eas, podendo aumentar ou reduzir. A boa not\u00edcia foi a redu\u00e7\u00e3o. Mas esse percentual da refinaria n\u00e3o chegar\u00e1 totalmente ao consumidor\u201d, constata o presidente do Sinrevg\u00e1s Rob\u00e9rio Souza.<\/p>\n<p>Rob\u00e9rio acrescenta que: \u201c Dessa vez o consumidor n\u00e3o sentir\u00e1 uma redu\u00e7\u00e3o t\u00e3o expressiva. Cada revendedor ir\u00e1 recompor os seus pre\u00e7os. A expectativa \u00e9 de que fique entre R$5,00 a R$6,00 mais barato. A varia\u00e7\u00e3o de pre\u00e7o \u00e9 principalmente pela log\u00edstica, pelo frete e dependendo do local pode ser mais alto. Por isso se recomenda que o<\/p>\n<p>consumidor se dirija at\u00e9 a loja de prefer\u00eancia que sempre ser\u00e1 mais barato. Para levar em casa o g\u00e1s fica sempre mais caro\u201d.<\/p>\n<p>A Acelen informou atrav\u00e9s de nota que \u201cos pre\u00e7os dos combust\u00edveis produzidos na Refinaria de Mataripe seguem crit\u00e9rios de mercado, que levam em considera\u00e7\u00e3o vari\u00e1veis como custo do petr\u00f3leo, que s\u00e3o adquiridos a pre\u00e7os internacionais, d\u00f3lar e frete\u201d, tal cen\u00e1rio pode fazer com que haja uma varia\u00e7\u00e3o para cima ou para baixo\u201d.\u00a0 Segundo a Acelen, ela \u201cpossui uma pol\u00edtica de pre\u00e7os transparente, amparada por crit\u00e9rios t\u00e9cnicos, em conson\u00e2ncia com as pr\u00e1ticas internacionais de mercado\u201d.<\/p>\n<p>Para a professora Margarida Oliveira, o valor do g\u00e1s est\u00e1 t\u00e3o alto que mesmo com R$6,00 a menos vai continuar pesando no bolso. \u201cEsse valor vem crescendo por meses. Reduz e aumenta, o que se percebe \u00e9 que quando vem a redu\u00e7\u00e3o n\u00e3o cobre o valor do quanto estamos pagando mais caro ao longo do ano\u201d.<\/p>\n","protected":false},"excerpt":{"rendered":"<p>Apesar da Acelen ter anunciado, na \u00faltima sexta-feira (30), que o g\u00e1s de cozinha (GLP) comercializado pela Refinaria de Mataripe, em S\u00e3o Francisco do Conde, no Rec\u00f4ncavo, para as distribuidoras ficaria 13,2% mais barato a partir de domingo (1\u00ba), isso come\u00e7a a acontecer a partir de hoje, ter\u00e7a-feira, 3 de janeiro.<\/p>\n","protected":false},"author":3,"featured_media":2344,"comment_status":"closed","ping_status":"closed","sticky":false,"template":"","format":"standard","meta":{"_links_to":"","_links_to_target":""},"categories":[1],"tags":[],"_links":{"self":[{"href":"https:\/\/www.correiodascidades.com.br\/v1\/wp-json\/wp\/v2\/posts\/2343"}],"collection":[{"href":"https:\/\/www.correiodascidades.com.br\/v1\/wp-json\/wp\/v2\/posts"}],"about":[{"href":"https:\/\/www.correiodascidades.com.br\/v1\/wp-json\/wp\/v2\/types\/post"}],"author":[{"embeddable":true,"href":"https:\/\/www.correiodascidades.com.br\/v1\/wp-json\/wp\/v2\/users\/3"}],"replies":[{"embeddable":true,"href":"https:\/\/www.correiodascidades.com.br\/v1\/wp-json\/wp\/v2\/comments?post=2343"}],"version-history":[{"count":1,"href":"https:\/\/www.correiodascidades.com.br\/v1\/wp-json\/wp\/v2\/posts\/2343\/revisions"}],"predecessor-version":[{"id":2345,"href":"https:\/\/www.correiodascidades.com.br\/v1\/wp-json\/wp\/v2\/posts\/2343\/revisions\/2345"}],"wp:featuredmedia":[{"embeddable":true,"href":"https:\/\/www.correiodascidades.com.br\/v1\/wp-json\/wp\/v2\/media\/2344"}],"wp:attachment":[{"href":"https:\/\/www.correiodascidades.com.br\/v1\/wp-json\/wp\/v2\/media?parent=2343"}],"wp:term":[{"taxonomy":"category","embeddable":true,"href":"https:\/\/www.correiodascidades.com.br\/v1\/wp-json\/wp\/v2\/categories?post=2343"},{"taxonomy":"post_tag","embeddable":true,"href":"https:\/\/www.correiodascidades.com.br\/v1\/wp-json\/wp\/v2\/tags?post=2343"}],"curies":[{"name":"wp","href":"https:\/\/api.w.org\/{rel}","templated":true}]}}