{"id":2346,"date":"2023-01-03T21:37:37","date_gmt":"2023-01-04T00:37:37","guid":{"rendered":"https:\/\/www.correiodascidades.com.br\/v1\/?p=2346"},"modified":"2023-01-03T21:37:37","modified_gmt":"2023-01-04T00:37:37","slug":"fotografra-registra-nascimento-de-bebe-empelicado-e-imagem-surpreende-momento-impar","status":"publish","type":"post","link":"https:\/\/www.correiodascidades.com.br\/v1\/2023\/01\/03\/fotografra-registra-nascimento-de-bebe-empelicado-e-imagem-surpreende-momento-impar\/","title":{"rendered":"Fot\u00f3grafra registra nascimento de beb\u00ea empelicado e imagem surpreende: \u2018Momento \u00edmpar\u2019"},"content":{"rendered":"<p><img loading=\"lazy\" class=\"\" src=\"https:\/\/www.correiodascidades.com.br\/v1\/wp-content\/uploads\/2023\/01\/bebe-empelicado-1024x576-1-2-pelicado.jpeg\" width=\"604\" height=\"340\" \/><\/p>\n<p>Um nascimento registrado na cidade de Muria\u00e9, na Zona da Mata mineira, vai ficar marcado para sempre na vida de uma fam\u00edlia e da fot\u00f3grafa Ludmila Gusman. A chegada do pequeno Nicolas, ontem (2), surpreendeu a profissional, que trabalha registrando partos a cerca de 9 anos. O beb\u00ea nasceu de um raro parto empelicado.<!--more--><\/p>\n<p>Ludmila, 44, publicou em sua p\u00e1gina no Instagram as fotos que mostram o momento em que a crian\u00e7a \u00e9 retirada do \u00fatero da m\u00e3e, ainda envolvido na bolsa amni\u00f3tica.<\/p>\n<p>\u201cFoi um momento \u00edmpar na minha carreira profissional. N\u00e3o s\u00f3 profissional, mas como pessoal tamb\u00e9m, na figura de m\u00e3e, na figura de mulher estar ali presenciando aquele momento foi espetacular. \u00c9 at\u00e9 dif\u00edcil encontrar palavras para definir esse momento\u201d, diz a fot\u00f3grafa em conversa com o BHAZ.<\/p>\n<p>A fot\u00f3grafa conta que, em toda a sua carreira, essa foi sua primeira oportunidade de fotografar um beb\u00ea empelicado. Ludmila lembra que nem ela, nem os pais de Nicolas esperavam o fen\u00f4meno.<\/p>\n<p>\u201cEu n\u00e3o esperava, foi uma surpresa. Ele era um beb\u00ea muito grande, com 51cm e 3,380kg. A bolsa tem uma membrana muito fina, ent\u00e3o \u00e9 muito f\u00e1cil de romper. Ent\u00e3o, a gente tem a ideia de que s\u00f3 beb\u00eas menores nascem dessa forma\u201d.<\/p>\n<p>Dados da revista cient\u00edfica Case Reports in Obstetrics and Gynecology revelam que uma a cada 80 mil crian\u00e7as nascem empelicadas. \u201c\u00c9 uma condi\u00e7\u00e3o muito rara. O m\u00e9dico estava retirando [o beb\u00ea] da barriga da m\u00e3e e eu pedi \u2018para para eu fazer essa foto\u2019. Em seguida, quando ele foi puxar mais um pouco, a bolsa j\u00e1 rompeu\u201d, explica.<\/p>\n<p>Registros importantes<\/p>\n<p>Ludmila refor\u00e7a a import\u00e2ncia dos registros de momentos singulares como esses para as fam\u00edlias. Ela lembra que, nesse caso, o pai do beb\u00ea preferiu ficar ao lado da esposa sem assistir \u00e0 cirurgia para n\u00e3o sofrer um mal estar durante o processo.<\/p>\n<p>Sem as fotos, ela conta que os pais n\u00e3o teriam visto o momento raro, j\u00e1 que tudo aconteceu r\u00e1pido. \u201cFoi tudo muito r\u00e1pido. Foi s\u00f3 o tempo de eu clicar e depois eles viram pela fotografia\u201d.<\/p>\n<p>\u201cA import\u00e2ncia de ter um registro desse momento \u00e9 n\u00e3o s\u00f3 para a fam\u00edlia, como tamb\u00e9m para o Nicolas, daqui alguns anos. A fotografia \u00e9 poesia, \u00e9 encantamento\u201d, finaliza.<\/p>\n","protected":false},"excerpt":{"rendered":"<p>Um nascimento registrado na cidade de Muria\u00e9, na Zona da Mata mineira, vai ficar marcado para sempre na vida de uma fam\u00edlia e da fot\u00f3grafa Ludmila Gusman. A chegada do pequeno Nicolas, ontem (2), surpreendeu a profissional, que trabalha registrando partos a cerca de 9 anos. O beb\u00ea nasceu de um raro parto empelicado.<\/p>\n","protected":false},"author":3,"featured_media":2347,"comment_status":"closed","ping_status":"closed","sticky":false,"template":"","format":"standard","meta":{"_links_to":"","_links_to_target":""},"categories":[2],"tags":[],"_links":{"self":[{"href":"https:\/\/www.correiodascidades.com.br\/v1\/wp-json\/wp\/v2\/posts\/2346"}],"collection":[{"href":"https:\/\/www.correiodascidades.com.br\/v1\/wp-json\/wp\/v2\/posts"}],"about":[{"href":"https:\/\/www.correiodascidades.com.br\/v1\/wp-json\/wp\/v2\/types\/post"}],"author":[{"embeddable":true,"href":"https:\/\/www.correiodascidades.com.br\/v1\/wp-json\/wp\/v2\/users\/3"}],"replies":[{"embeddable":true,"href":"https:\/\/www.correiodascidades.com.br\/v1\/wp-json\/wp\/v2\/comments?post=2346"}],"version-history":[{"count":1,"href":"https:\/\/www.correiodascidades.com.br\/v1\/wp-json\/wp\/v2\/posts\/2346\/revisions"}],"predecessor-version":[{"id":2348,"href":"https:\/\/www.correiodascidades.com.br\/v1\/wp-json\/wp\/v2\/posts\/2346\/revisions\/2348"}],"wp:featuredmedia":[{"embeddable":true,"href":"https:\/\/www.correiodascidades.com.br\/v1\/wp-json\/wp\/v2\/media\/2347"}],"wp:attachment":[{"href":"https:\/\/www.correiodascidades.com.br\/v1\/wp-json\/wp\/v2\/media?parent=2346"}],"wp:term":[{"taxonomy":"category","embeddable":true,"href":"https:\/\/www.correiodascidades.com.br\/v1\/wp-json\/wp\/v2\/categories?post=2346"},{"taxonomy":"post_tag","embeddable":true,"href":"https:\/\/www.correiodascidades.com.br\/v1\/wp-json\/wp\/v2\/tags?post=2346"}],"curies":[{"name":"wp","href":"https:\/\/api.w.org\/{rel}","templated":true}]}}