{"id":2349,"date":"2023-01-03T21:45:30","date_gmt":"2023-01-04T00:45:30","guid":{"rendered":"https:\/\/www.correiodascidades.com.br\/v1\/?p=2349"},"modified":"2023-01-03T21:45:30","modified_gmt":"2023-01-04T00:45:30","slug":"presidente-ex-presidente-da-camara-e-vereador-gurita-visitam-santa-casa-de-ilheus","status":"publish","type":"post","link":"https:\/\/www.correiodascidades.com.br\/v1\/2023\/01\/03\/presidente-ex-presidente-da-camara-e-vereador-gurita-visitam-santa-casa-de-ilheus\/","title":{"rendered":"Presidente, Ex Presidente da C\u00e2mara e Vereador Gurita visitam Santa Casa de Ilh\u00e9us"},"content":{"rendered":"<p><img src=\"https:\/\/www.correiodascidades.com.br\/v1\/wp-content\/uploads\/2023\/01\/360fa20a-d1ae-4658-9ea6-79f92019bd69-esta.jpeg\" \/><\/p>\n<p>Na tarde desta ter\u00e7a-feira (3), o presidente da C\u00e2mara de Vereadores de Ilh\u00e9us, Abra\u00e3o (PDT), juntamente com os vereadores Jerbson Moraes (ex presidente) e Gurita, ambos do PSD, se reuniram com a provedora da Santa Casa de Miseric\u00f3rdia de Ilh\u00e9us, Naide Silveira, e parte da diretoria para discutir sobre dificuldades que a Santa Casa tem enfrentado, a fim de buscar solu\u00e7\u00e3o.<!--more--><\/p>\n<p>A provedoria da Santa Casa explicou que a Institui\u00e7\u00e3o est\u00e1 sofrendo com atrasos de repasses financeiros por parte da Secretaria de Sa\u00fade do Munic\u00edpio de Ilh\u00e9us, totalizando um valor de R$ 3.800.000 reais em atraso. Esse valor \u00e9 referente a vencimentos de produ\u00e7\u00e3o dos meses de agosto a novembro, al\u00e9m de um contrato de fomento que existia para manter dispon\u00edveis alguns servi\u00e7os pelo SUS, como a cardiologia, algumas cirurgias espec\u00edficas e o Pronto Socorro.<\/p>\n<p>Devido a falta desses repasses, a Santa Casa vem enfrentando bastante dificuldades para manter as portas abertas, e quem vinha dando suporte era o Governo do Estado, atrav\u00e9s da Secretaria de Sa\u00fade. Levando em considera\u00e7\u00e3o a import\u00e2ncia que a Santa Casa possui para o munic\u00edpio de Ilh\u00e9us e tamb\u00e9m para as regi\u00f5es vizinhas, os vereadores presentes se comprometeram a buscar solu\u00e7\u00f5es para resolver a situa\u00e7\u00e3o.<\/p>\n","protected":false},"excerpt":{"rendered":"<p>Na tarde desta ter\u00e7a-feira (3), o presidente da C\u00e2mara de Vereadores de Ilh\u00e9us, Abra\u00e3o (PDT), juntamente com os vereadores Jerbson Moraes (ex presidente) e Gurita, ambos do PSD, se reuniram com a provedora da Santa Casa de Miseric\u00f3rdia de Ilh\u00e9us, Naide Silveira, e parte da diretoria para discutir sobre dificuldades que a Santa Casa tem [&hellip;]<\/p>\n","protected":false},"author":3,"featured_media":2350,"comment_status":"closed","ping_status":"closed","sticky":false,"template":"","format":"standard","meta":{"_links_to":"","_links_to_target":""},"categories":[2],"tags":[],"_links":{"self":[{"href":"https:\/\/www.correiodascidades.com.br\/v1\/wp-json\/wp\/v2\/posts\/2349"}],"collection":[{"href":"https:\/\/www.correiodascidades.com.br\/v1\/wp-json\/wp\/v2\/posts"}],"about":[{"href":"https:\/\/www.correiodascidades.com.br\/v1\/wp-json\/wp\/v2\/types\/post"}],"author":[{"embeddable":true,"href":"https:\/\/www.correiodascidades.com.br\/v1\/wp-json\/wp\/v2\/users\/3"}],"replies":[{"embeddable":true,"href":"https:\/\/www.correiodascidades.com.br\/v1\/wp-json\/wp\/v2\/comments?post=2349"}],"version-history":[{"count":1,"href":"https:\/\/www.correiodascidades.com.br\/v1\/wp-json\/wp\/v2\/posts\/2349\/revisions"}],"predecessor-version":[{"id":2351,"href":"https:\/\/www.correiodascidades.com.br\/v1\/wp-json\/wp\/v2\/posts\/2349\/revisions\/2351"}],"wp:featuredmedia":[{"embeddable":true,"href":"https:\/\/www.correiodascidades.com.br\/v1\/wp-json\/wp\/v2\/media\/2350"}],"wp:attachment":[{"href":"https:\/\/www.correiodascidades.com.br\/v1\/wp-json\/wp\/v2\/media?parent=2349"}],"wp:term":[{"taxonomy":"category","embeddable":true,"href":"https:\/\/www.correiodascidades.com.br\/v1\/wp-json\/wp\/v2\/categories?post=2349"},{"taxonomy":"post_tag","embeddable":true,"href":"https:\/\/www.correiodascidades.com.br\/v1\/wp-json\/wp\/v2\/tags?post=2349"}],"curies":[{"name":"wp","href":"https:\/\/api.w.org\/{rel}","templated":true}]}}