{"id":2352,"date":"2023-01-03T22:45:43","date_gmt":"2023-01-04T01:45:43","guid":{"rendered":"https:\/\/www.correiodascidades.com.br\/v1\/?p=2352"},"modified":"2023-01-03T23:10:20","modified_gmt":"2023-01-04T02:10:20","slug":"ilheus-buraco-no-bairro-nelson-costa-chama-atencao-de-todos-menos-do-secretario-da-prefeitura-atila-docio","status":"publish","type":"post","link":"https:\/\/www.correiodascidades.com.br\/v1\/2023\/01\/03\/ilheus-buraco-no-bairro-nelson-costa-chama-atencao-de-todos-menos-do-secretario-da-prefeitura-atila-docio\/","title":{"rendered":"ILH\u00c9US: Buraco no Bairro Nelson costa chama aten\u00e7\u00e3o de todos menos do Secret\u00e1rio da prefeitura Atila D\u00f3cio"},"content":{"rendered":"<p><img loading=\"lazy\" class=\"\" src=\"https:\/\/www.correiodascidades.com.br\/v1\/wp-content\/uploads\/2023\/01\/32f8acbb-54be-481c-a321-4c90ef2f5e44.jpeg\" width=\"596\" height=\"795\" \/><\/p>\n<p>Uma enorme cratera na Avenida Lotus &#8211; via principal do bairro &#8211; chama aten\u00e7\u00e3o de todos que por ali passam. O buraco s\u00f3 n\u00e3o chama aten\u00e7\u00e3o do Secret\u00e1rio de Planejamento do Munic\u00edpio.<!--more--><\/p>\n<p>H\u00e1 meses o local encontra-se aberto, ao lado do mesmo v\u00e1rias pessoas estacionam carros o que vem possibilitando o crescimento e possibilitando que este cause preju\u00edzo a pessoas que j\u00e1 ca\u00edram dentro.<\/p>\n<p>De acordo com os moradores e comerciantes do local o que n\u00e3o faltam \u00e9 reclama\u00e7\u00e3o por parte dos moradores para que venha consertar, por\u00e9m, nunca foram ouvidos.<\/p>\n<p>Enquanto isso, o buraco est\u00e1 como um verdadeiro cart\u00e3o postal do bairro. Al\u00e9m da feiura, tem tamb\u00e9m o perigo. Assim como este buraco neste loal existe muitos outros na cidade, a exemplo de parte da zona Norte da Cidade, entrada e saida de Ilh\u00e9us, quem entra pela Ba-001, entre outras (Ba) que apontam para a linda Ilh\u00e9us.<\/p>\n","protected":false},"excerpt":{"rendered":"<p>Uma enorme cratera na Avenida Lotus &#8211; via principal do bairro &#8211; chama aten\u00e7\u00e3o de todos que por ali passam. O buraco s\u00f3 n\u00e3o chama aten\u00e7\u00e3o do Secret\u00e1rio de Planejamento do Munic\u00edpio.<\/p>\n","protected":false},"author":3,"featured_media":2353,"comment_status":"closed","ping_status":"closed","sticky":false,"template":"","format":"standard","meta":{"_links_to":"","_links_to_target":""},"categories":[2],"tags":[],"_links":{"self":[{"href":"https:\/\/www.correiodascidades.com.br\/v1\/wp-json\/wp\/v2\/posts\/2352"}],"collection":[{"href":"https:\/\/www.correiodascidades.com.br\/v1\/wp-json\/wp\/v2\/posts"}],"about":[{"href":"https:\/\/www.correiodascidades.com.br\/v1\/wp-json\/wp\/v2\/types\/post"}],"author":[{"embeddable":true,"href":"https:\/\/www.correiodascidades.com.br\/v1\/wp-json\/wp\/v2\/users\/3"}],"replies":[{"embeddable":true,"href":"https:\/\/www.correiodascidades.com.br\/v1\/wp-json\/wp\/v2\/comments?post=2352"}],"version-history":[{"count":9,"href":"https:\/\/www.correiodascidades.com.br\/v1\/wp-json\/wp\/v2\/posts\/2352\/revisions"}],"predecessor-version":[{"id":2363,"href":"https:\/\/www.correiodascidades.com.br\/v1\/wp-json\/wp\/v2\/posts\/2352\/revisions\/2363"}],"wp:featuredmedia":[{"embeddable":true,"href":"https:\/\/www.correiodascidades.com.br\/v1\/wp-json\/wp\/v2\/media\/2353"}],"wp:attachment":[{"href":"https:\/\/www.correiodascidades.com.br\/v1\/wp-json\/wp\/v2\/media?parent=2352"}],"wp:term":[{"taxonomy":"category","embeddable":true,"href":"https:\/\/www.correiodascidades.com.br\/v1\/wp-json\/wp\/v2\/categories?post=2352"},{"taxonomy":"post_tag","embeddable":true,"href":"https:\/\/www.correiodascidades.com.br\/v1\/wp-json\/wp\/v2\/tags?post=2352"}],"curies":[{"name":"wp","href":"https:\/\/api.w.org\/{rel}","templated":true}]}}