{"id":2365,"date":"2023-01-03T23:41:22","date_gmt":"2023-01-04T02:41:22","guid":{"rendered":"https:\/\/www.correiodascidades.com.br\/v1\/?p=2365"},"modified":"2023-01-03T23:41:22","modified_gmt":"2023-01-04T02:41:22","slug":"itabuna-erasmo-avila-toma-posse-para-seu-segundo-mandato-na-presidencia-da-camara-de-vereadores-da-cidade","status":"publish","type":"post","link":"https:\/\/www.correiodascidades.com.br\/v1\/2023\/01\/03\/itabuna-erasmo-avila-toma-posse-para-seu-segundo-mandato-na-presidencia-da-camara-de-vereadores-da-cidade\/","title":{"rendered":"ITABUNA: Erasmo \u00c1vila toma posse para seu segundo mandato na Presid\u00eancia da C\u00e2mara de Vereadores da cidade"},"content":{"rendered":"<p>Na tarde desta ter\u00e7a feira (03), o vereador Erasmo \u00c1vila (PSD) foi mais uma vez reconduzido ao cargo de presidente da C\u00e2mara de Itabuna. O ato aconteceu \u00a0pela manh\u00e3 em cerim\u00f4nia realizada no plen\u00e1rio Raymundo Lima.<\/p>\n<p>A nova mesa diretora da C\u00e2mara\u00a0 2023 \/ 2024 ficou constitu\u00edda da seguinte forma: Erasmo \u00c1vila presidente \/ Sivaldo Reis (PL) \u00a0vice-presidente, Francisco Gomes (PSD) como 2\u00ba vice-presidente, Israel Cardoso (Agir) como 1\u00ba secret\u00e1rio, Luiz Jr da Sa\u00fade (DC) como 2\u00ba secret\u00e1rio e Pi\u00e7arra (Solidariedade) como 3\u00ba secret\u00e1rio.<\/p>\n<p>Em entrevista concedida a imprensa Erasmo disse que ir\u00e1 governar n\u00e3o apenas para os eleitores da cidade e sim para o povo da cidade. Ele disse ainda que tem um compromisso de zelar por todos principalmente dando transpar\u00eancia as contas p\u00fablicas.<\/p>\n<p>Erasmo falou da C\u00e2mara ser um grande vetor de ensinamentos aos parlamentares, segundo ele um vereador tem que ser bem preparado, para isso a C\u00e2mara estar\u00e1 com um projeto de capacita\u00e7\u00e3o aos seus pares.<\/p>\n<p>Erasmo falou do compromisso da C\u00e2mara com a cidade, segundo ele n\u00e3o vai abriri m\u00e3o de trabalhar por uma cidade cada dia melhor.<\/p>\n<p>&nbsp;<\/p>\n","protected":false},"excerpt":{"rendered":"<p>Na tarde desta ter\u00e7a feira (03), o vereador Erasmo \u00c1vila (PSD) foi mais uma vez reconduzido ao cargo de presidente da C\u00e2mara de Itabuna. O ato aconteceu \u00a0pela manh\u00e3 em cerim\u00f4nia realizada no plen\u00e1rio Raymundo Lima. A nova mesa diretora da C\u00e2mara\u00a0 2023 \/ 2024 ficou constitu\u00edda da seguinte forma: Erasmo \u00c1vila presidente \/ Sivaldo [&hellip;]<\/p>\n","protected":false},"author":3,"featured_media":2366,"comment_status":"closed","ping_status":"closed","sticky":false,"template":"","format":"standard","meta":{"_links_to":"","_links_to_target":""},"categories":[2],"tags":[],"_links":{"self":[{"href":"https:\/\/www.correiodascidades.com.br\/v1\/wp-json\/wp\/v2\/posts\/2365"}],"collection":[{"href":"https:\/\/www.correiodascidades.com.br\/v1\/wp-json\/wp\/v2\/posts"}],"about":[{"href":"https:\/\/www.correiodascidades.com.br\/v1\/wp-json\/wp\/v2\/types\/post"}],"author":[{"embeddable":true,"href":"https:\/\/www.correiodascidades.com.br\/v1\/wp-json\/wp\/v2\/users\/3"}],"replies":[{"embeddable":true,"href":"https:\/\/www.correiodascidades.com.br\/v1\/wp-json\/wp\/v2\/comments?post=2365"}],"version-history":[{"count":1,"href":"https:\/\/www.correiodascidades.com.br\/v1\/wp-json\/wp\/v2\/posts\/2365\/revisions"}],"predecessor-version":[{"id":2367,"href":"https:\/\/www.correiodascidades.com.br\/v1\/wp-json\/wp\/v2\/posts\/2365\/revisions\/2367"}],"wp:featuredmedia":[{"embeddable":true,"href":"https:\/\/www.correiodascidades.com.br\/v1\/wp-json\/wp\/v2\/media\/2366"}],"wp:attachment":[{"href":"https:\/\/www.correiodascidades.com.br\/v1\/wp-json\/wp\/v2\/media?parent=2365"}],"wp:term":[{"taxonomy":"category","embeddable":true,"href":"https:\/\/www.correiodascidades.com.br\/v1\/wp-json\/wp\/v2\/categories?post=2365"},{"taxonomy":"post_tag","embeddable":true,"href":"https:\/\/www.correiodascidades.com.br\/v1\/wp-json\/wp\/v2\/tags?post=2365"}],"curies":[{"name":"wp","href":"https:\/\/api.w.org\/{rel}","templated":true}]}}