{"id":2368,"date":"2023-01-04T08:30:38","date_gmt":"2023-01-04T11:30:38","guid":{"rendered":"https:\/\/www.correiodascidades.com.br\/v1\/?p=2368"},"modified":"2023-01-04T08:30:38","modified_gmt":"2023-01-04T11:30:38","slug":"professores-contratados-vao-se-mobilizar-nesta-quinta-feira-na-porta-da-secretaria-de-educacao","status":"publish","type":"post","link":"https:\/\/www.correiodascidades.com.br\/v1\/2023\/01\/04\/professores-contratados-vao-se-mobilizar-nesta-quinta-feira-na-porta-da-secretaria-de-educacao\/","title":{"rendered":"Professores contratados v\u00e3o se mobilizar nesta quinta feira na porta da Secretaria de Educa\u00e7\u00e3o."},"content":{"rendered":"<p><img loading=\"lazy\" class=\"\" src=\"https:\/\/www.correiodascidades.com.br\/v1\/wp-content\/uploads\/2023\/01\/images-_2_-este-aqui.jpeg\" width=\"603\" height=\"452\" \/><\/p>\n<p>Um ato dos professores contratados do munic\u00edpio de Ilh\u00e9us est\u00e1 programado para esta quinta feira \u00e1s 9h, da manh\u00e3.<\/p>\n<p>Os professores pretendem se reunirem na porta da Secretaria de Educa\u00e7\u00e3o e de l\u00e1 se dirigirem at\u00e9 o pal\u00e1cio Paranagu\u00e1 palco principal das manifesta\u00e7\u00f5es da cidade.<!--more--><\/p>\n<p>O motivo da milit\u00e2ncia se deve em raz\u00e3o de v\u00e1rias situa\u00e7\u00f5es que v\u00eam acontecendo com os servidores em educa\u00e7\u00e3o que foram \u00a0contratados e est\u00e3o prestando servi\u00e7os.<\/p>\n<p>O coordenador do ato professor Osman Nogueira disse em entrevista ao Radialista Luke Rei na tarde desta ter\u00e7a feira (03) que a manifesta\u00e7\u00e3o se deve a forma em que os profissionais em educa\u00e7\u00e3o est\u00e3o sendo tratados.<\/p>\n<p><img loading=\"lazy\" class=\"\" src=\"https:\/\/www.correiodascidades.com.br\/v1\/wp-content\/uploads\/2023\/01\/49bd33eb-4d9f-4f72-9992-be2a874af8b7-e1672831589346.jpg\" width=\"594\" height=\"382\" \/><\/p>\n<p>Osman deixou claro que os servidores n\u00e3o t\u00eam direito a quase nada com rela\u00e7\u00e3o ao servi\u00e7o prestado. Osman disse \u201c Os contratados se quer tem direito a c\u00f3pia do contrato. O pagamento foi retirado 30% receberam a metade do dinheiro do servi\u00e7o prestado, foi isso que a Secretaria de Administra\u00e7\u00e3o fez! Pagou a metade dos dias trabalhados. Ou seja, vc trabalha um m\u00eas e recebe quinze dias\u201d.<\/p>\n<p>Osman disse que independente de serem contratados ou efetivos todos s\u00e3o professores e devem ter os mesmos direitos.<\/p>\n<p>Assim sendo eles v\u00e3o at\u00e9 a secretaria em busca de seus direitos.<\/p>\n<p>&nbsp;<\/p>\n<p>&nbsp;<\/p>\n<p>&nbsp;<\/p>\n","protected":false},"excerpt":{"rendered":"<p>Um ato dos professores contratados do munic\u00edpio de Ilh\u00e9us est\u00e1 programado para esta quinta feira \u00e1s 9h, da manh\u00e3. Os professores pretendem se reunirem na porta da Secretaria de Educa\u00e7\u00e3o e de l\u00e1 se dirigirem at\u00e9 o pal\u00e1cio Paranagu\u00e1 palco principal das manifesta\u00e7\u00f5es da cidade.<\/p>\n","protected":false},"author":3,"featured_media":2370,"comment_status":"closed","ping_status":"closed","sticky":false,"template":"","format":"standard","meta":{"_links_to":"","_links_to_target":""},"categories":[2],"tags":[],"_links":{"self":[{"href":"https:\/\/www.correiodascidades.com.br\/v1\/wp-json\/wp\/v2\/posts\/2368"}],"collection":[{"href":"https:\/\/www.correiodascidades.com.br\/v1\/wp-json\/wp\/v2\/posts"}],"about":[{"href":"https:\/\/www.correiodascidades.com.br\/v1\/wp-json\/wp\/v2\/types\/post"}],"author":[{"embeddable":true,"href":"https:\/\/www.correiodascidades.com.br\/v1\/wp-json\/wp\/v2\/users\/3"}],"replies":[{"embeddable":true,"href":"https:\/\/www.correiodascidades.com.br\/v1\/wp-json\/wp\/v2\/comments?post=2368"}],"version-history":[{"count":1,"href":"https:\/\/www.correiodascidades.com.br\/v1\/wp-json\/wp\/v2\/posts\/2368\/revisions"}],"predecessor-version":[{"id":2371,"href":"https:\/\/www.correiodascidades.com.br\/v1\/wp-json\/wp\/v2\/posts\/2368\/revisions\/2371"}],"wp:featuredmedia":[{"embeddable":true,"href":"https:\/\/www.correiodascidades.com.br\/v1\/wp-json\/wp\/v2\/media\/2370"}],"wp:attachment":[{"href":"https:\/\/www.correiodascidades.com.br\/v1\/wp-json\/wp\/v2\/media?parent=2368"}],"wp:term":[{"taxonomy":"category","embeddable":true,"href":"https:\/\/www.correiodascidades.com.br\/v1\/wp-json\/wp\/v2\/categories?post=2368"},{"taxonomy":"post_tag","embeddable":true,"href":"https:\/\/www.correiodascidades.com.br\/v1\/wp-json\/wp\/v2\/tags?post=2368"}],"curies":[{"name":"wp","href":"https:\/\/api.w.org\/{rel}","templated":true}]}}