{"id":2372,"date":"2023-01-04T20:28:29","date_gmt":"2023-01-04T23:28:29","guid":{"rendered":"https:\/\/www.correiodascidades.com.br\/v1\/?p=2372"},"modified":"2023-01-04T20:28:29","modified_gmt":"2023-01-04T23:28:29","slug":"primeiros-atos-de-lula-mostram-atraso-e-retrocesso","status":"publish","type":"post","link":"https:\/\/www.correiodascidades.com.br\/v1\/2023\/01\/04\/primeiros-atos-de-lula-mostram-atraso-e-retrocesso\/","title":{"rendered":"Primeiros atos de Lula mostram atraso e retrocesso"},"content":{"rendered":"<p><img loading=\"lazy\" class=\"\" src=\"https:\/\/www.correiodascidades.com.br\/v1\/wp-content\/uploads\/2023\/01\/lula-rodrigo-pacheco-ag-camara.jpeg\" width=\"620\" height=\"413\" \/><\/p>\n<p><span class=\"dropcap \">A<\/span>inda que esperadas, ap\u00f3s os discursos eleitorais em defesa de ideias em desuso h\u00e1 d\u00e9cadas, as primeiras decis\u00f5es do presidente Lula deixaram clara a mudan\u00e7a para pior. Os reflexos foram imediatos, com a Bolsa caindo e o d\u00f3lar aumentando no dia em que oito estatais foram blindadas da privatiza\u00e7\u00e3o e Lula atacou o Teto de Gastos, instrumento de controle de despesas e na dire\u00e7\u00e3o de uma pol\u00edtica fiscal sustent\u00e1vel. A amea\u00e7a de gastan\u00e7a sinaliza mais infla\u00e7\u00e3o e aumento de impostos. <!--more--><\/p>\n<div id=\"Nota-7\" class=\"entry-block ch-nota Nota-7\">\n<h3>Festival de leviandades<\/h3>\n<\/div>\n<p>O Teto de Gastos foi ferido de morte com a PEC Fura-Teto, em uma semana de leviandades do Congresso no apagar das luzes de 2022.<\/p>\n<div id=\"Nota-8\" class=\"entry-block ch-nota Nota-8\">\n<h3>Crimes de lesa-p\u00e1tria<\/h3>\n<\/div>\n<p>A Petrobras perdeu ontem mais de 6,5% do valor, R$200 bilh\u00f5es desde o 2\u00ba turno. O Banco do Brasil, abatido em pleno voo, perdeu 4,2% de valor.<\/p>\n<div id=\"Nota-9\" class=\"entry-block ch-nota Nota-9\">\n<h3>Vingan\u00e7as e retalia\u00e7\u00f5es<\/h3>\n<\/div>\n<p>Decretos de Lula se concentraram em armas, explora\u00e7\u00e3o de terras, al\u00e9m de revogar e investigar atos de Bolsonaro. Emprego e economia, nada.<\/p>\n<div class=\"cardPoderSemPudor\">\n<header>\n<h3><span class=\"highlight\">Poder sem Pudor<\/span><\/h3>\n<\/header>\n<div class=\"cardPoderSemPudorCard\">\n<p><img class=\"alignright\" src=\"https:\/\/uploads.diariodopoder.com.br\/2020\/10\/Resposta-a-cavalgadura-300x200.jpg\" alt=\"\" data-pin-no-hover=\"true\" \/><\/p>\n<h3>Resposta a cavalgadura<\/h3>\n<p>Deputado oito vezes, o general ga\u00facho Flores da Cunha era muito culto e, grande tribuno, tinha admirada rapidez de racioc\u00ednio. Certa vez, discursava na C\u00e2mara, presidida por Ulysses Guimar\u00e3es, e tentava ignorar os pedidos de aparte de um deputado do baixo clero, que gritava inconformado: \u201cV. Exa. foge ao debate! \u00c9 incoerente! D\u00e1 uma no cravo, outra na ferradura!\u201d Flores da Cunha se impacientou e demoliu o provocador: \u201cV. Exa. \u00e9 o culpado! Por que se mexe tanto? Assim n\u00e3o posso ferr\u00e1-lo\u2026\u201d O plen\u00e1rio desabou em demorada e cruel gargalhada.<\/p>\n<\/div>\n<\/div>\n<div id=\"Nota-10\" class=\"entry-block ch-nota Nota-10\">\n<h3>Produ\u00e7\u00e3o de privil\u00e9gios<\/h3>\n<\/div>\n<p>Uma das estatais blindadas de privatiza\u00e7\u00e3o, a PPSA, que gerencia o Pr\u00e9-Sal, tem uma \u201cutilidade\u201d, pagar m\u00e9dia salarial de R$34,1 mil. O maior sal\u00e1rio na empresa forra bolsos privilegiados com R$45 mil mensais.<\/p>\n<div id=\"Nota-11\" class=\"entry-block ch-nota Nota-11\">\n<h3>Pobreza sem fim<\/h3>\n<\/div>\n<p>A mulher de 33 anos que entregou a faixa a Lula \u00e9 catadora de terceira gera\u00e7\u00e3o. Tinha 14 anos no governo Lula e seguiu a sorte da av\u00f3 e da m\u00e3e, com Dilma. Os 16 anos de PT as mantiveram ainda mais pobres.<\/p>\n<div id=\"Nota-12\" class=\"entry-block ch-nota Nota-12\">\n<h3>Quest\u00e3o pol\u00edtica<\/h3>\n<\/div>\n<p>O recuo que segurou por mais 60 dias a desonera\u00e7\u00e3o dos combust\u00edveis, desautorizando Fernando Haddad (Fazenda), teve influ\u00eancia de Gleisi Hoffmann, que mostrou a Lula o estrago pol\u00edtico da medida do ministro.<\/p>\n<div id=\"Nota-13\" class=\"entry-block ch-nota Nota-13\">\n<h3>O sem-cargos<\/h3>\n<\/div>\n<p>O quase ex-senador Fernando Bezerra (MDB-PE) perde uma penca de cargos federais. O primeiro a rodar foi Ant\u00f4nio Campos (Funda\u00e7\u00e3o Joaquim Nabuco), irm\u00e3o e advers\u00e1rio da fam\u00edlia do falecido Eduardo Campos. Tamb\u00e9m v\u00e3o rodar os presidentes da Codevasf e Hemobras.<\/p>\n<div class=\"frase-do-dia f-right\">\n<header>\n<h3><span class=\"highlight\">Frase do dia<\/span><\/h3>\n<\/header>\n<div class=\"box-frase-do-dia\">\n<h2><em>\u201c\u00c9 receitar veneno para curar o paciente\u201d<\/em><\/h2>\n<p><em>Ex-ministro\u00a0<strong>Ciro Nogueira (PP-PI)<\/strong>\u00a0sobre a estupidez de extinguir o Teto de Gastos<\/em><\/p>\n<\/div>\n<\/div>\n<div id=\"Nota-14\" class=\"entry-block ch-nota Nota-14\">\n<h3>Diga Xis<\/h3>\n<\/div>\n<p>O clima ruim entre Simone Tebet e Marina Silva p\u00f4de ser visto na foto ministerial. Foram 10 pessoas entre uma e outra. O clima azedou desde a disputa pelo Minist\u00e9rio do Meio Ambiente, que acabou com Marina.<\/p>\n<div id=\"Nota-15\" class=\"entry-block ch-nota Nota-15\">\n<h3>Dilma \u00e0 solta<\/h3>\n<\/div>\n<p>Confus\u00e3o mental de Dilma na posse de Esther Dweck (Gest\u00e3o): \u201cTemos de nos organizar para conseguir apoiar que as medidas legislativas e pol\u00edticas que o governo venha a tomar tenha apoio, tenha sustenta\u00e7\u00e3o, e que n\u00e3o ocorra nenhuma ruptura\u201d. E pensar que ela foi presidente\u2026<\/p>\n<div id=\"Nota-16\" class=\"entry-block ch-nota Nota-16\">\n<h3>Passaporte<\/h3>\n<\/div>\n<p>Na agenda com Lula, o presidente portugu\u00eas: Marcelo Rebelo de Sousa apelou \u00e0 mais ululante obviedade na rela\u00e7\u00e3o entre os dois pa\u00edses: convidou o brasileiro a visitar seu pa\u00eds. O passeio deve ser em abril.<\/p>\n<div id=\"Nota-17\" class=\"entry-block ch-nota Nota-17\">\n<h3>Ineg\u00e1vel<\/h3>\n<\/div>\n<p>A senadora Soraya Thronycke (MS), que foi candidata a presidente, tentou elogiar a \u201cvit\u00f3ria da democracia\u201d ao chegar para a posse de Lula, mas n\u00e3o esqueceu: \u201cO hist\u00f3rico de corrup\u00e7\u00e3o existiu no governo do PT\u201d.<\/p>\n<div id=\"Nota-18\" class=\"entry-block ch-nota Nota-18\">\n<h3>Pensando bem\u2026<\/h3>\n<\/div>\n<p>\u2026os discursos eleitorais do presidente e dos novos ministros mostram que Jair Bolsonaro continuar\u00e1 assombrando essa turma por muito tempo.<\/p>\n","protected":false},"excerpt":{"rendered":"<p>Ainda que esperadas, ap\u00f3s os discursos eleitorais em defesa de ideias em desuso h\u00e1 d\u00e9cadas, as primeiras decis\u00f5es do presidente Lula deixaram clara a mudan\u00e7a para pior. Os reflexos foram imediatos, com a Bolsa caindo e o d\u00f3lar aumentando no dia em que oito estatais foram blindadas da privatiza\u00e7\u00e3o e Lula atacou o Teto de [&hellip;]<\/p>\n","protected":false},"author":3,"featured_media":2373,"comment_status":"closed","ping_status":"closed","sticky":false,"template":"","format":"standard","meta":{"_links_to":"","_links_to_target":""},"categories":[1],"tags":[],"_links":{"self":[{"href":"https:\/\/www.correiodascidades.com.br\/v1\/wp-json\/wp\/v2\/posts\/2372"}],"collection":[{"href":"https:\/\/www.correiodascidades.com.br\/v1\/wp-json\/wp\/v2\/posts"}],"about":[{"href":"https:\/\/www.correiodascidades.com.br\/v1\/wp-json\/wp\/v2\/types\/post"}],"author":[{"embeddable":true,"href":"https:\/\/www.correiodascidades.com.br\/v1\/wp-json\/wp\/v2\/users\/3"}],"replies":[{"embeddable":true,"href":"https:\/\/www.correiodascidades.com.br\/v1\/wp-json\/wp\/v2\/comments?post=2372"}],"version-history":[{"count":1,"href":"https:\/\/www.correiodascidades.com.br\/v1\/wp-json\/wp\/v2\/posts\/2372\/revisions"}],"predecessor-version":[{"id":2374,"href":"https:\/\/www.correiodascidades.com.br\/v1\/wp-json\/wp\/v2\/posts\/2372\/revisions\/2374"}],"wp:featuredmedia":[{"embeddable":true,"href":"https:\/\/www.correiodascidades.com.br\/v1\/wp-json\/wp\/v2\/media\/2373"}],"wp:attachment":[{"href":"https:\/\/www.correiodascidades.com.br\/v1\/wp-json\/wp\/v2\/media?parent=2372"}],"wp:term":[{"taxonomy":"category","embeddable":true,"href":"https:\/\/www.correiodascidades.com.br\/v1\/wp-json\/wp\/v2\/categories?post=2372"},{"taxonomy":"post_tag","embeddable":true,"href":"https:\/\/www.correiodascidades.com.br\/v1\/wp-json\/wp\/v2\/tags?post=2372"}],"curies":[{"name":"wp","href":"https:\/\/api.w.org\/{rel}","templated":true}]}}