{"id":2375,"date":"2023-01-04T21:01:38","date_gmt":"2023-01-05T00:01:38","guid":{"rendered":"https:\/\/www.correiodascidades.com.br\/v1\/?p=2375"},"modified":"2023-01-04T21:04:38","modified_gmt":"2023-01-05T00:04:38","slug":"ilheus-igreja-de-sao-jorge-o-principais-cartao-postal-da-cidade","status":"publish","type":"post","link":"https:\/\/www.correiodascidades.com.br\/v1\/2023\/01\/04\/ilheus-igreja-de-sao-jorge-o-principais-cartao-postal-da-cidade\/","title":{"rendered":"\u00a0ILH\u00c9US: Igreja de S\u00e3o Jorge \u00a0o principal cart\u00e3o postal da cidade"},"content":{"rendered":"<p><img loading=\"lazy\" class=\"\" src=\"https:\/\/www.correiodascidades.com.br\/v1\/wp-content\/uploads\/2023\/01\/09196005-aef8-49c4-98ac-52d36c0d755f.jpeg\" width=\"594\" height=\"792\" \/><\/p>\n<p>A igreja foi fundada em 1556 de acordo com uma placa na porta que traz esta identidade. A referida Igreja \u00e9 um dos principais atrativos de visita\u00e7\u00f5es tur\u00edsticas.<!--more--><\/p>\n<p>O povo \u00a0para na porta para apreciar a beleza por\u00e9m o que v\u00eam n\u00e3o \u00e9 nada atrativo. A fachada est\u00e1 toda em ruinas, at\u00e9 um p\u00e9 de mato nasceu na parte do telhado e chama aten\u00e7\u00e3o.<\/p>\n<p>Nem sempre as portas est\u00e3o abertas as visita\u00e7\u00f5es, isso deixa algumas pessoas chateadas foi o que disse um morador da localidade que tem conversado com algumas pessoas e estas retratam suas chatea\u00e7\u00f5es.<\/p>\n<p>Este \u00e9 o retrato real da situa\u00e7\u00e3o igreja S\u00e3o Jorge dos Ilh\u00e9us.<\/p>\n","protected":false},"excerpt":{"rendered":"<p>A igreja foi fundada em 1556 de acordo com uma placa na porta que traz esta identidade. A referida Igreja \u00e9 um dos principais atrativos de visita\u00e7\u00f5es tur\u00edsticas.<\/p>\n","protected":false},"author":3,"featured_media":2381,"comment_status":"closed","ping_status":"closed","sticky":false,"template":"","format":"standard","meta":{"_links_to":"","_links_to_target":""},"categories":[2],"tags":[],"_links":{"self":[{"href":"https:\/\/www.correiodascidades.com.br\/v1\/wp-json\/wp\/v2\/posts\/2375"}],"collection":[{"href":"https:\/\/www.correiodascidades.com.br\/v1\/wp-json\/wp\/v2\/posts"}],"about":[{"href":"https:\/\/www.correiodascidades.com.br\/v1\/wp-json\/wp\/v2\/types\/post"}],"author":[{"embeddable":true,"href":"https:\/\/www.correiodascidades.com.br\/v1\/wp-json\/wp\/v2\/users\/3"}],"replies":[{"embeddable":true,"href":"https:\/\/www.correiodascidades.com.br\/v1\/wp-json\/wp\/v2\/comments?post=2375"}],"version-history":[{"count":4,"href":"https:\/\/www.correiodascidades.com.br\/v1\/wp-json\/wp\/v2\/posts\/2375\/revisions"}],"predecessor-version":[{"id":2385,"href":"https:\/\/www.correiodascidades.com.br\/v1\/wp-json\/wp\/v2\/posts\/2375\/revisions\/2385"}],"wp:featuredmedia":[{"embeddable":true,"href":"https:\/\/www.correiodascidades.com.br\/v1\/wp-json\/wp\/v2\/media\/2381"}],"wp:attachment":[{"href":"https:\/\/www.correiodascidades.com.br\/v1\/wp-json\/wp\/v2\/media?parent=2375"}],"wp:term":[{"taxonomy":"category","embeddable":true,"href":"https:\/\/www.correiodascidades.com.br\/v1\/wp-json\/wp\/v2\/categories?post=2375"},{"taxonomy":"post_tag","embeddable":true,"href":"https:\/\/www.correiodascidades.com.br\/v1\/wp-json\/wp\/v2\/tags?post=2375"}],"curies":[{"name":"wp","href":"https:\/\/api.w.org\/{rel}","templated":true}]}}