{"id":2386,"date":"2023-01-06T03:52:07","date_gmt":"2023-01-06T06:52:07","guid":{"rendered":"https:\/\/www.correiodascidades.com.br\/v1\/?p=2386"},"modified":"2023-01-06T03:52:07","modified_gmt":"2023-01-06T06:52:07","slug":"haddad-nega-proposta-de-moeda-unica-com-argentina","status":"publish","type":"post","link":"https:\/\/www.correiodascidades.com.br\/v1\/2023\/01\/06\/haddad-nega-proposta-de-moeda-unica-com-argentina\/","title":{"rendered":"Haddad nega proposta de moeda \u00fanica com Argentina"},"content":{"rendered":"<p><img loading=\"lazy\" class=\"\" src=\"https:\/\/www.correiodascidades.com.br\/v1\/wp-content\/uploads\/2023\/01\/FERNANDO-HADDAD-MAOS.jpeg\" width=\"605\" height=\"355\" \/><\/p>\n<p>O ministro da Fazenda, Fernando Haddad, negou nesta quinta-feira (5) que o novo governo esteja pensando em negociar a ado\u00e7\u00e3o de uma moeda \u00fanica com a Argentina. Ao ser indagado sobre o tema durante a posse da ministra do\u00a0<a href=\"https:\/\/midiabahia.com.br\/futuro-ministro-da-fazenda-haddad-confessa-que-nao-entende-de-economia\/\">Planejamento, Simone Tebet, o titular da Fazenda chegou a se irritar. <\/a>\u00a0 <!--more-->\u201cN\u00e3o existe moeda \u00fanica, n\u00e3o existe essa proposta. Vai se informar primeiro\u201d, disse.<\/p>\n<p>O tema n\u00e3o partiu do governo brasileiro, mas do embaixador da Argentina no Brasil, Daniel Scioli, durante visita a Haddad.\u00a0<a href=\"https:\/\/midiabahia.com.br\/mourao-defende-atos-antidemocraticos-fiquem-firmes\/\">A medida foi questionada, entre outros,\u00a0pelo ex-vice-presidente Hamilton Mour\u00e3o (Republicanos),<\/a>\u00a0um dos postulantes a liderar a oposi\u00e7\u00e3o durante o terceiro governo de Lula.<\/p>\n<p>Fernando Haddad j\u00e1 defendeu essa proposta no passado, assim como Lula e o ex-ministro Paulo Guedes, do governo passado.<\/p>\n<p>Segundo o embaixador do pa\u00eds vizinho, a moeda \u00fanica entre Brasil e Argentina n\u00e3o representaria o fim das moedas locais, como o real.\u00a0<a href=\"https:\/\/midiabahia.com.br\/italia-vai-reabrir-as-fronteiras-com-a-uniao-europeia-a-partir-de-3-de-junho\/\">Na zona do euro, os pa\u00edses da Uni\u00e3o Europeia adotam apenas a moeda comum. \u201c<\/a>N\u00e3o significa que cada pa\u00eds n\u00e3o tem sua moeda, significa uma unidade para integra\u00e7\u00e3o e aumento do interc\u00e2mbio comercial em todo este bloco regional\u201d, afirmou Scioli<\/p>\n","protected":false},"excerpt":{"rendered":"<p>O ministro da Fazenda, Fernando Haddad, negou nesta quinta-feira (5) que o novo governo esteja pensando em negociar a ado\u00e7\u00e3o de uma moeda \u00fanica com a Argentina. Ao ser indagado sobre o tema durante a posse da ministra do\u00a0Planejamento, Simone Tebet, o titular da Fazenda chegou a se irritar. \u00a0<\/p>\n","protected":false},"author":3,"featured_media":2387,"comment_status":"closed","ping_status":"closed","sticky":false,"template":"","format":"standard","meta":{"_links_to":"","_links_to_target":""},"categories":[2],"tags":[],"_links":{"self":[{"href":"https:\/\/www.correiodascidades.com.br\/v1\/wp-json\/wp\/v2\/posts\/2386"}],"collection":[{"href":"https:\/\/www.correiodascidades.com.br\/v1\/wp-json\/wp\/v2\/posts"}],"about":[{"href":"https:\/\/www.correiodascidades.com.br\/v1\/wp-json\/wp\/v2\/types\/post"}],"author":[{"embeddable":true,"href":"https:\/\/www.correiodascidades.com.br\/v1\/wp-json\/wp\/v2\/users\/3"}],"replies":[{"embeddable":true,"href":"https:\/\/www.correiodascidades.com.br\/v1\/wp-json\/wp\/v2\/comments?post=2386"}],"version-history":[{"count":1,"href":"https:\/\/www.correiodascidades.com.br\/v1\/wp-json\/wp\/v2\/posts\/2386\/revisions"}],"predecessor-version":[{"id":2388,"href":"https:\/\/www.correiodascidades.com.br\/v1\/wp-json\/wp\/v2\/posts\/2386\/revisions\/2388"}],"wp:featuredmedia":[{"embeddable":true,"href":"https:\/\/www.correiodascidades.com.br\/v1\/wp-json\/wp\/v2\/media\/2387"}],"wp:attachment":[{"href":"https:\/\/www.correiodascidades.com.br\/v1\/wp-json\/wp\/v2\/media?parent=2386"}],"wp:term":[{"taxonomy":"category","embeddable":true,"href":"https:\/\/www.correiodascidades.com.br\/v1\/wp-json\/wp\/v2\/categories?post=2386"},{"taxonomy":"post_tag","embeddable":true,"href":"https:\/\/www.correiodascidades.com.br\/v1\/wp-json\/wp\/v2\/tags?post=2386"}],"curies":[{"name":"wp","href":"https:\/\/api.w.org\/{rel}","templated":true}]}}