{"id":2389,"date":"2023-01-06T04:07:59","date_gmt":"2023-01-06T07:07:59","guid":{"rendered":"https:\/\/www.correiodascidades.com.br\/v1\/?p=2389"},"modified":"2023-01-06T04:07:59","modified_gmt":"2023-01-06T07:07:59","slug":"eleitor-que-faltou-ao-2o-turno-tem-ate-segunda-feira-para-justificar","status":"publish","type":"post","link":"https:\/\/www.correiodascidades.com.br\/v1\/2023\/01\/06\/eleitor-que-faltou-ao-2o-turno-tem-ate-segunda-feira-para-justificar\/","title":{"rendered":"Eleitor que faltou ao 2\u00ba turno tem at\u00e9 segunda-feira para justificar"},"content":{"rendered":"<p><img loading=\"lazy\" class=\"\" src=\"https:\/\/www.correiodascidades.com.br\/v1\/wp-content\/uploads\/2023\/01\/50429036346_a9271a4327_o-1.jpg\" width=\"614\" height=\"368\" \/><\/p>\n<p>O eleitor que n\u00e3o compareceu \u00e0s urnas no dia 30 de outubro, data do segundo turno das elei\u00e7\u00f5es gerais, tem at\u00e9 a pr\u00f3xima segunda-feira (9) para justificar a aus\u00eancia e assim n\u00e3o ficar em situa\u00e7\u00e3o irregular junto \u00e0 Justi\u00e7a Eleitoral.<img src=\"https:\/\/agenciabrasil.ebc.com.br\/ebc.png?id=1502124&amp;o=node\" \/><img src=\"https:\/\/agenciabrasil.ebc.com.br\/ebc.gif?id=1502124&amp;o=node\" \/> <!--more--><\/p>\n<p>Quem n\u00e3o vota e n\u00e3o justifica fica sem poder emitir o certificado de quita\u00e7\u00e3o eleitoral e pode ficar impedido de emitir documentos de identidade ou passaporte, entre outras limita\u00e7\u00f5es. Isso ocorre porque o voto \u00e9 obrigat\u00f3rio no Brasil, para quem tem entre 18 e 70 anos de idade.<\/p>\n<p>Para ficar quite com a Justi\u00e7a Eleitoral \u00e9 preciso ter votado em todas as elei\u00e7\u00f5es ou justificado as aus\u00eancias. O eleitor tamb\u00e9m n\u00e3o pode ter deixado de atender aos chamados para trabalhar como mes\u00e1rio. Caso esteja irregular, \u00e9 necess\u00e1rio regularizar a situa\u00e7\u00e3o por meio do pagamento de multas, por exemplo.<\/p>\n<p>Cada turno de vota\u00e7\u00e3o \u00e9 contabilizado como uma elei\u00e7\u00e3o independente pela Justi\u00e7a Eleitoral. No caso do primeiro turno das elei\u00e7\u00f5es do ano passado, quem n\u00e3o votou teve at\u00e9 1\u00ba de dezembro para justificar a aus\u00eancia.<\/p>\n<p>Existem tr\u00eas formas de justificar a aus\u00eancia \u00e0s urnas: pelo\u00a0<a href=\"https:\/\/www.tse.jus.br\/servicos-eleitorais\/servicos\/aplicativo-e-titulo\" target=\"_blank\" rel=\"noopener\">aplicativo e-Titulo<\/a>; pelo\u00a0<a href=\"https:\/\/www.tse.jus.br\/servicos-eleitorais\/justificativa-eleitoral\/justificativa-eleitoral\" target=\"_blank\" rel=\"noopener\">Sistema Justifica<\/a>, nos portais da Justi\u00e7a Eleitoral; ou preenchendo o\u00a0<a href=\"https:\/\/www.tse.jus.br\/++theme++justica_eleitoral\/pdfjs\/web\/viewer.html?file=https:\/\/www.tse.jus.br\/eleitor\/justificativa-eleitoral\/arquivos\/formulario-requerimento-de-justificativa-eleitoral-rje-eleicoes-2022\/@@download\/file\/formulario-de-requerimento-de-justificativa-eleitoral-dia-da-eleicao-2022.pdf\" target=\"_blank\" rel=\"noopener\">formul\u00e1rio de justificativa eleitoral<\/a>.<\/p>\n<p>Cada justificativa \u00e9 v\u00e1lida somente para o turno ao qual a pessoa n\u00e3o tenha comparecido por estar fora de seu domic\u00edlio eleitoral. Assim, caso tenha deixado de votar no primeiro e no segundo turno da elei\u00e7\u00e3o, a obriga\u00e7\u00e3o \u00e9 de justificar a aus\u00eancia em cada um.<\/p>\n<p>Al\u00e9m de preencher dados e dar o motivo para ter faltado \u00e0 vota\u00e7\u00e3o, \u00e9 aconselh\u00e1vel anexar documentos que comprovem a justificativa, que em todo caso deve ser analisada por um juiz eleitoral, que pode aceit\u00e1-la ou n\u00e3o.<\/p>\n","protected":false},"excerpt":{"rendered":"<p>O eleitor que n\u00e3o compareceu \u00e0s urnas no dia 30 de outubro, data do segundo turno das elei\u00e7\u00f5es gerais, tem at\u00e9 a pr\u00f3xima segunda-feira (9) para justificar a aus\u00eancia e assim n\u00e3o ficar em situa\u00e7\u00e3o irregular junto \u00e0 Justi\u00e7a Eleitoral.<\/p>\n","protected":false},"author":3,"featured_media":2390,"comment_status":"closed","ping_status":"closed","sticky":false,"template":"","format":"standard","meta":{"_links_to":"","_links_to_target":""},"categories":[2],"tags":[],"_links":{"self":[{"href":"https:\/\/www.correiodascidades.com.br\/v1\/wp-json\/wp\/v2\/posts\/2389"}],"collection":[{"href":"https:\/\/www.correiodascidades.com.br\/v1\/wp-json\/wp\/v2\/posts"}],"about":[{"href":"https:\/\/www.correiodascidades.com.br\/v1\/wp-json\/wp\/v2\/types\/post"}],"author":[{"embeddable":true,"href":"https:\/\/www.correiodascidades.com.br\/v1\/wp-json\/wp\/v2\/users\/3"}],"replies":[{"embeddable":true,"href":"https:\/\/www.correiodascidades.com.br\/v1\/wp-json\/wp\/v2\/comments?post=2389"}],"version-history":[{"count":1,"href":"https:\/\/www.correiodascidades.com.br\/v1\/wp-json\/wp\/v2\/posts\/2389\/revisions"}],"predecessor-version":[{"id":2391,"href":"https:\/\/www.correiodascidades.com.br\/v1\/wp-json\/wp\/v2\/posts\/2389\/revisions\/2391"}],"wp:featuredmedia":[{"embeddable":true,"href":"https:\/\/www.correiodascidades.com.br\/v1\/wp-json\/wp\/v2\/media\/2390"}],"wp:attachment":[{"href":"https:\/\/www.correiodascidades.com.br\/v1\/wp-json\/wp\/v2\/media?parent=2389"}],"wp:term":[{"taxonomy":"category","embeddable":true,"href":"https:\/\/www.correiodascidades.com.br\/v1\/wp-json\/wp\/v2\/categories?post=2389"},{"taxonomy":"post_tag","embeddable":true,"href":"https:\/\/www.correiodascidades.com.br\/v1\/wp-json\/wp\/v2\/tags?post=2389"}],"curies":[{"name":"wp","href":"https:\/\/api.w.org\/{rel}","templated":true}]}}