{"id":2392,"date":"2023-01-06T04:13:46","date_gmt":"2023-01-06T07:13:46","guid":{"rendered":"https:\/\/www.correiodascidades.com.br\/v1\/?p=2392"},"modified":"2023-01-06T04:13:46","modified_gmt":"2023-01-06T07:13:46","slug":"covid-19-brasil-registra-276-mil-casos-e-158-mortes-em-24-horas","status":"publish","type":"post","link":"https:\/\/www.correiodascidades.com.br\/v1\/2023\/01\/06\/covid-19-brasil-registra-276-mil-casos-e-158-mortes-em-24-horas\/","title":{"rendered":"Covid-19: Brasil registra 27,6 mil casos e 158 mortes em 24 horas"},"content":{"rendered":"<p><img loading=\"lazy\" class=\"\" src=\"https:\/\/www.correiodascidades.com.br\/v1\/wp-content\/uploads\/2023\/01\/transferir-_3_.jpeg\" width=\"599\" height=\"471\" \/><\/p>\n<p>O Brasil registrou, em 24 horas, 27.674 novos casos de covid-19 e mais 158 mortes em consequ\u00eancia da doen\u00e7a, informou o boletim epidemiol\u00f3gico divulgado\u00a0nesta quinta-feira (5) pelo Minist\u00e9rio da Sa\u00fade. O boletim de\u00a0hoje\u00a0n\u00e3o traz os dados atualizados dos estados do Tocantins, de Mato Grosso do Sul e do Piau\u00ed.<!--more--><\/p>\n<p>Desde o in\u00edcio da pandemia, foram registradas no pa\u00eds 694.569 mortes por covid-19. Os casos confirmados da doen\u00e7a somam 36.450.812.<\/p>\n<p>Ainda segundo o boletim, 35.225.196 pessoas se recuperaram da doen\u00e7a, e 531.047 casos est\u00e3o em acompanhamento.<img src=\"https:\/\/agenciabrasil.ebc.com.br\/ebc.png?id=1502175&amp;o=node\" \/><img src=\"https:\/\/agenciabrasil.ebc.com.br\/ebc.gif?id=1502175&amp;o=node\" \/><\/p>\n<h2>Estados<\/h2>\n<p>De acordo com os dados dispon\u00edveis, S\u00e3o Paulo lidera o n\u00famero de casos confirmados de covid-19 (6,33 milh\u00f5es), seguido por Minas Gerais (4 milh\u00f5es) e Rio Grande do Sul (2,91 milh\u00f5es).<\/p>\n<p>O menor n\u00famero de casos \u00e9 registrado no Acre (159,3 mil). Em seguida, aparecem Roraima (181,3 mil) e Amap\u00e1 (182,6 mil).<\/p>\n<p>Quanto \u00e0s mortes pela doen\u00e7a, de acordo com os dados mais recentes dispon\u00edveis, S\u00e3o Paulo apresenta o maior n\u00famero (177.615), seguido de Rio\u00a0de Janeiro\u00a0(76.539) e Minas Gerais (64.543).<\/p>\n<p>O menor n\u00famero de mortes est\u00e1 no Acre (2.040), Amap\u00e1 (2.166) e Roraima (2.180).<\/p>\n<div class=\"dnd-widget-wrapper context-cheio_8colunas type-image\">\n<div class=\"dnd-atom-rendered\">\n<div class=\"shadow overflow-hidden rounded-lg d-block zoom-on-hover-sm shadow-hover w-100\"><img class=\"flex-fill img-cover\" title=\"Minist\u00e9rio da Sa\u00fade\" src=\"https:\/\/imagens.ebc.com.br\/ln4NlRkJWd7s7xnwFMUfNfVMgNA=\/754x0\/smart\/https:\/\/agenciabrasil.ebc.com.br\/sites\/default\/files\/thumbnails\/image\/photo_5024272066374904531_y.jpg?itok=qQ7rdRpT\" alt=\"Boletim epidemiol\u00f3gico da covid-19\" \/><\/div>\n<\/div>\n<div class=\"dnd-caption-wrapper\">\n<div class=\"meta\">Boletim epidemiol\u00f3gico da covid-19 &#8211;\u00a0<strong>Minist\u00e9rio da Sa\u00fade<\/strong><\/div>\n<\/div>\n<\/div>\n<h2>Vacina\u00e7\u00e3o<\/h2>\n<p>At\u00e9\u00a0hoje, foram aplicadas 498,6 milh\u00f5es de doses de vacinas contra a covid-19, sendo 181,5 milh\u00f5es de primeira dose e 164 milh\u00f5es de segunda\u00a0dose. A dose \u00fanica foi aplicada em 5 milh\u00f5es de pessoas.<\/p>\n<p>A primeira dose de refor\u00e7o foi aplicada em 102,6 milh\u00f5es de pessoas, e a\u00a0segunda\u00a0dose adicional, em 40,4 milh\u00f5es.<\/p>\n","protected":false},"excerpt":{"rendered":"<p>O Brasil registrou, em 24 horas, 27.674 novos casos de covid-19 e mais 158 mortes em consequ\u00eancia da doen\u00e7a, informou o boletim epidemiol\u00f3gico divulgado\u00a0nesta quinta-feira (5) pelo Minist\u00e9rio da Sa\u00fade. O boletim de\u00a0hoje\u00a0n\u00e3o traz os dados atualizados dos estados do Tocantins, de Mato Grosso do Sul e do Piau\u00ed.<\/p>\n","protected":false},"author":3,"featured_media":2393,"comment_status":"closed","ping_status":"closed","sticky":false,"template":"","format":"standard","meta":{"_links_to":"","_links_to_target":""},"categories":[2],"tags":[],"_links":{"self":[{"href":"https:\/\/www.correiodascidades.com.br\/v1\/wp-json\/wp\/v2\/posts\/2392"}],"collection":[{"href":"https:\/\/www.correiodascidades.com.br\/v1\/wp-json\/wp\/v2\/posts"}],"about":[{"href":"https:\/\/www.correiodascidades.com.br\/v1\/wp-json\/wp\/v2\/types\/post"}],"author":[{"embeddable":true,"href":"https:\/\/www.correiodascidades.com.br\/v1\/wp-json\/wp\/v2\/users\/3"}],"replies":[{"embeddable":true,"href":"https:\/\/www.correiodascidades.com.br\/v1\/wp-json\/wp\/v2\/comments?post=2392"}],"version-history":[{"count":1,"href":"https:\/\/www.correiodascidades.com.br\/v1\/wp-json\/wp\/v2\/posts\/2392\/revisions"}],"predecessor-version":[{"id":2394,"href":"https:\/\/www.correiodascidades.com.br\/v1\/wp-json\/wp\/v2\/posts\/2392\/revisions\/2394"}],"wp:featuredmedia":[{"embeddable":true,"href":"https:\/\/www.correiodascidades.com.br\/v1\/wp-json\/wp\/v2\/media\/2393"}],"wp:attachment":[{"href":"https:\/\/www.correiodascidades.com.br\/v1\/wp-json\/wp\/v2\/media?parent=2392"}],"wp:term":[{"taxonomy":"category","embeddable":true,"href":"https:\/\/www.correiodascidades.com.br\/v1\/wp-json\/wp\/v2\/categories?post=2392"},{"taxonomy":"post_tag","embeddable":true,"href":"https:\/\/www.correiodascidades.com.br\/v1\/wp-json\/wp\/v2\/tags?post=2392"}],"curies":[{"name":"wp","href":"https:\/\/api.w.org\/{rel}","templated":true}]}}