{"id":2395,"date":"2023-01-06T04:31:34","date_gmt":"2023-01-06T07:31:34","guid":{"rendered":"https:\/\/www.correiodascidades.com.br\/v1\/?p=2395"},"modified":"2023-01-06T04:31:34","modified_gmt":"2023-01-06T07:31:34","slug":"meningite-c-ilheus-vacina-trabalhadores-da-saude-e-pessoas-entre-1-e-19-anos-ate-30-de-janeiro","status":"publish","type":"post","link":"https:\/\/www.correiodascidades.com.br\/v1\/2023\/01\/06\/meningite-c-ilheus-vacina-trabalhadores-da-saude-e-pessoas-entre-1-e-19-anos-ate-30-de-janeiro\/","title":{"rendered":"Meningite C: Ilh\u00e9us vacina trabalhadores da Sa\u00fade e pessoas entre 1 e 19 anos at\u00e9 30 de janeiro"},"content":{"rendered":"<p><img loading=\"lazy\" class=\"\" src=\"https:\/\/www.correiodascidades.com.br\/v1\/wp-content\/uploads\/2023\/01\/meningitec.jpeg\" width=\"593\" height=\"400\" \/><\/p>\n<p style=\"font-weight: 400;\">A Secretaria de Sa\u00fade (Sesau) vai intensificar nos pr\u00f3ximos dias a vacina\u00e7\u00e3o contra a Meningite C, indicada para pessoas na faixa de 1 a 19 anos e trabalhadores e acad\u00eamicos da \u00e1rea da Sa\u00fade.\u00a0A popula\u00e7\u00e3o deve procurar a unidade b\u00e1sica de sa\u00fade mais pr\u00f3xima de sua resid\u00eancia.\u00a0A medida segue a recomenda\u00e7\u00e3o do Minist\u00e9rio da Sa\u00fade.<!--more--><\/p>\n<p style=\"font-weight: 400;\">A prote\u00e7\u00e3o do p\u00fablico-alvo evita o adoecimento e surtos da doen\u00e7a. No decorrer do m\u00eas, o p\u00fablico pode comparecer \u00e0s salas de imuniza\u00e7\u00e3o do munic\u00edpio, conforme hor\u00e1rio de funcionamento de cada local. \u00c9 importante a apresenta\u00e7\u00e3o da caderneta de vacina\u00e7\u00e3o, do cart\u00e3o do SUS e CPF. Ressalta-se que as pessoas com menos de 20 anos receber\u00e3o a dose contra a Meningite C\u00a0ap\u00f3s verifica\u00e7\u00e3o da caderneta e da situa\u00e7\u00e3o vacinal.<\/p>\n<p style=\"font-weight: 400;\">A meningite \u00e9 uma inflama\u00e7\u00e3o das meninges, membranas que envolvem o c\u00e9rebro e a medula espinhal, podendo ser causada por bact\u00e9rias, v\u00edrus, fungos e parasitas. As meningites virais e bacterianas s\u00e3o as de maior import\u00e2ncia para a sa\u00fade p\u00fablica, considerando a magnitude de sua ocorr\u00eancia e o potencial de produzir surtos.<\/p>\n<p style=\"font-weight: 400;\"><strong>Servi\u00e7o<\/strong><\/p>\n<p style=\"font-weight: 400;\">Campanha Nacional contra a Meningite C<\/p>\n<p style=\"font-weight: 400;\">P\u00fablico-alvo: pessoas na faixa de 1 a 19 anos e trabalhadores e acad\u00eamicos da \u00e1rea da Sa\u00fade<\/p>\n<p style=\"font-weight: 400;\">Data: at\u00e9 30 de janeiro<\/p>\n<p style=\"font-weight: 400;\">Procure a unidade de sa\u00fade mais pr\u00f3xima da sua casa<\/p>\n","protected":false},"excerpt":{"rendered":"<p>A Secretaria de Sa\u00fade (Sesau) vai intensificar nos pr\u00f3ximos dias a vacina\u00e7\u00e3o contra a Meningite C, indicada para pessoas na faixa de 1 a 19 anos e trabalhadores e acad\u00eamicos da \u00e1rea da Sa\u00fade.\u00a0A popula\u00e7\u00e3o deve procurar a unidade b\u00e1sica de sa\u00fade mais pr\u00f3xima de sua resid\u00eancia.\u00a0A medida segue a recomenda\u00e7\u00e3o do Minist\u00e9rio da Sa\u00fade.<\/p>\n","protected":false},"author":3,"featured_media":0,"comment_status":"closed","ping_status":"closed","sticky":false,"template":"","format":"standard","meta":{"_links_to":"","_links_to_target":""},"categories":[2],"tags":[],"_links":{"self":[{"href":"https:\/\/www.correiodascidades.com.br\/v1\/wp-json\/wp\/v2\/posts\/2395"}],"collection":[{"href":"https:\/\/www.correiodascidades.com.br\/v1\/wp-json\/wp\/v2\/posts"}],"about":[{"href":"https:\/\/www.correiodascidades.com.br\/v1\/wp-json\/wp\/v2\/types\/post"}],"author":[{"embeddable":true,"href":"https:\/\/www.correiodascidades.com.br\/v1\/wp-json\/wp\/v2\/users\/3"}],"replies":[{"embeddable":true,"href":"https:\/\/www.correiodascidades.com.br\/v1\/wp-json\/wp\/v2\/comments?post=2395"}],"version-history":[{"count":1,"href":"https:\/\/www.correiodascidades.com.br\/v1\/wp-json\/wp\/v2\/posts\/2395\/revisions"}],"predecessor-version":[{"id":2397,"href":"https:\/\/www.correiodascidades.com.br\/v1\/wp-json\/wp\/v2\/posts\/2395\/revisions\/2397"}],"wp:attachment":[{"href":"https:\/\/www.correiodascidades.com.br\/v1\/wp-json\/wp\/v2\/media?parent=2395"}],"wp:term":[{"taxonomy":"category","embeddable":true,"href":"https:\/\/www.correiodascidades.com.br\/v1\/wp-json\/wp\/v2\/categories?post=2395"},{"taxonomy":"post_tag","embeddable":true,"href":"https:\/\/www.correiodascidades.com.br\/v1\/wp-json\/wp\/v2\/tags?post=2395"}],"curies":[{"name":"wp","href":"https:\/\/api.w.org\/{rel}","templated":true}]}}