{"id":23978,"date":"2026-08-30T01:26:44","date_gmt":"2026-08-30T04:26:44","guid":{"rendered":"https:\/\/www.correiodascidades.com.br\/v1\/?p=23978"},"modified":"2026-08-30T02:13:22","modified_gmt":"2026-08-30T05:13:22","slug":"jair-nega-ter-atingido-teto-no-vitoria-nao-tem-covarde-aqui","status":"publish","type":"post","link":"https:\/\/www.correiodascidades.com.br\/v1\/2026\/08\/30\/jair-nega-ter-atingido-teto-no-vitoria-nao-tem-covarde-aqui\/","title":{"rendered":"Jair nega ter atingido teto no Vit\u00f3ria: &#8220;N\u00e3o tem covarde aqui&#8221;"},"content":{"rendered":"<header>\n<h2>Treinador assumiu responsabilidade pela derrota contra o Atl\u00e9tico-MG no Brasileir\u00e3o<\/h2>\n<\/header>\n<figure class=\"inlineImage artigo-destaque\"><picture><source srcset=\"https:\/\/cdn.atarde.com.br\/img\/Artigo-Destaque\/1400000\/500x300\/jair-nega-ter-atingido-teto-no-vitoria-nao-tem-cov0140019800202608292218-ScaleDownProportional.webp?fallback=https%3A%2F%2Fcdn.atarde.com.br%2Fimg%2FArtigo-Destaque%2F1400000%2Fjair-nega-ter-atingido-teto-no-vitoria-nao-tem-cov0140019800202608292218.jpg%3Fxid%3D7189779%26resize%3D1000%252C500%26t%3D1788052724&amp;xid=7189779\" media=\"(max-width: 768px)\" \/><source srcset=\"https:\/\/cdn.atarde.com.br\/img\/Artigo-Destaque\/1400000\/1200x720\/jair-nega-ter-atingido-teto-no-vitoria-nao-tem-cov0140019800202608292218-ScaleDownProportional.webp?fallback=https%3A%2F%2Fcdn.atarde.com.br%2Fimg%2FArtigo-Destaque%2F1400000%2Fjair-nega-ter-atingido-teto-no-vitoria-nao-tem-cov0140019800202608292218.jpg%3Fxid%3D7189779%26resize%3D1000%252C500%26t%3D1788052724&amp;xid=7189779\" media=\"(min-width: 768px)\" \/><img loading=\"lazy\" class=\"\" src=\"https:\/\/cdn.atarde.com.br\/img\/Artigo-Destaque\/1400000\/500x300\/jair-nega-ter-atingido-teto-no-vitoria-nao-tem-cov0140019800202608292218-ScaleDownProportional.webp?fallback=https%3A%2F%2Fcdn.atarde.com.br%2Fimg%2FArtigo-Destaque%2F1400000%2Fjair-nega-ter-atingido-teto-no-vitoria-nao-tem-cov0140019800202608292218.jpg%3Fxid%3D7189779%26resize%3D1000%252C500%26t%3D1788052724&amp;xid=7189779\" alt=\"Vit\u00f3ria x Atl\u00e9tico-MG pelo Brasileir\u00e3o\" width=\"500\" height=\"333\" \/><\/picture><figcaption>Vit\u00f3ria x Atl\u00e9tico-MG pelo Brasileir\u00e3o &#8211; Foto: Victor Ferreira I EC Vit\u00f3ria<\/figcaption><\/figure>\n<div id=\"article\">\n<p>Unindo a sequ\u00eancia do BaVi, da derrota contra o Vasco na Copa do Brasil e da derrota do\u00a0<a href=\"https:\/\/atarde.com.br\/esportes\/ecvitoria\" target=\"_blank\" rel=\"noopener\" data-rel-defined=\"\">Vit\u00f3ria<\/a>\u00a0por 2 a 0 para o Atl\u00e9tico-MG, na noite deste s\u00e1bado, 29, na Arena MRV, o t\u00e9cnico Jair Ventura sentiu ainda mais a press\u00e3o sobre o time &#8211; mas, para ele,\u00a0seu trabalho n\u00e3o atingiu um limite no comando rubro-negro.\u00a0Durante a coletiva p\u00f3s-jogo, o treinador garantiu que n\u00e3o pretende desistir diante da m\u00e1 fase.<\/p>\n<p><img src=\"https:\/\/i.imgur.com\/UTxn7d4.gif\" alt=\"prefeitura de ilheus\" \/><\/p>\n<\/div>\n<p>O\u00a0rev\u00e9s em Belo Horizonte foi o\u00a0terceiro consecutivo do Le\u00e3o na temporada.\u00a0Antes de perder para o Galo, a equipe havia sido derrotada pelo Vasco, na partida de ida das quartas de final da Copa do Brasil, e pelo Bahia, no cl\u00e1ssico disputado pelo Campeonato Brasileiro.<\/p>\n<p>&nbsp;<\/p>\n<section id=\"atr-ctaWhatsApp\"><\/section>\n<section><img src=\"https:\/\/cdn.atarde.com.br\/img\/inline\/1400000\/724x0\/jair-nega-ter-atingido-teto-no-vitoria-nao-tem-cov0140019800202608292218-1.webp?fallback=https%3A%2F%2Fcdn.atarde.com.br%2Fimg%2Finline%2F1400000%2Fjair-nega-ter-atingido-teto-no-vitoria-nao-tem-cov0140019800202608292218.jpg%3Fxid%3D7189782&amp;xid=7189782\" alt=\"Vit\u00f3ria x Atl\u00e9tico-MG pelo Brasileir\u00e3o\" \/><\/section>\n<figure class=\"inlineImage\"><figcaption>Vit\u00f3ria x Atl\u00e9tico-MG pelo Brasileir\u00e3o &#8211; Foto: Victor Ferreira I EC Vit\u00f3ria<\/figcaption><\/figure>\n<p>Para defender o trabalho, Jair relembrou resultados importantes obtidos desde que assumiu o clube, como o t\u00edtulo da Copa do Nordeste e as classifica\u00e7\u00f5es sobre Flamengo e Athletico-PR na Copa do Brasil.<\/p>\n<p>&#8220;Eu sou o mesmo que levou o t\u00edtulo depois de 16 anos na Copa do Nordeste, sou o mesmo treinador que eliminou o Flamengo e o Athletico-PR. Sou a mesma pessoa. Se eu achar que, por causa de tr\u00eas jogos, n\u00e3o consigo mais extrair desse grupo, eu seria um covarde. Ent\u00e3o, acho que n\u00e3o bateu no teto&#8221;, afirmou.<\/p>\n<figure class=\"inlineImage\"><picture><source srcset=\"https:\/\/cdn.atarde.com.br\/img\/inline\/1400000\/320x0\/jair-nega-ter-atingido-teto-no-vitoria-nao-tem-cov0140019801202608292218-1.webp?fallback=https%3A%2F%2Fcdn.atarde.com.br%2Fimg%2Finline%2F1400000%2Fjair-nega-ter-atingido-teto-no-vitoria-nao-tem-cov0140019801202608292218.jpg%3Fxid%3D7189783&amp;xid=7189783\" media=\"(max-width: 768px)\" \/><source srcset=\"https:\/\/cdn.atarde.com.br\/img\/inline\/1400000\/724x0\/jair-nega-ter-atingido-teto-no-vitoria-nao-tem-cov0140019801202608292218-1.webp?fallback=https%3A%2F%2Fcdn.atarde.com.br%2Fimg%2Finline%2F1400000%2Fjair-nega-ter-atingido-teto-no-vitoria-nao-tem-cov0140019801202608292218.jpg%3Fxid%3D7189783&amp;xid=7189783\" media=\"(min-width: 768px)\" \/><img src=\"https:\/\/cdn.atarde.com.br\/img\/inline\/1400000\/724x0\/jair-nega-ter-atingido-teto-no-vitoria-nao-tem-cov0140019801202608292218-1.webp?fallback=https%3A%2F%2Fcdn.atarde.com.br%2Fimg%2Finline%2F1400000%2Fjair-nega-ter-atingido-teto-no-vitoria-nao-tem-cov0140019801202608292218.jpg%3Fxid%3D7189783&amp;xid=7189783\" alt=\"Vit\u00f3ria x Atl\u00e9tico-MG pelo Brasileir\u00e3o\" \/><\/picture><figcaption>Vit\u00f3ria x Atl\u00e9tico-MG pelo Brasileir\u00e3o &#8211; Foto: Victor Ferreira I EC Vit\u00f3ria<\/figcaption><\/figure>\n<p>Apesar da defesa enf\u00e1tica, o treinador reconheceu que precisa apresentar uma resposta rapidamente. Jair recordou que j\u00e1 teve o trabalho questionado durante o Campeonato Baiano e disse confiar em uma nova recupera\u00e7\u00e3o.<\/p>\n<p><!--more--><\/p>\n<p>&#8220;Eu tenho que dar uma resposta. As pessoas esperam momentos assim para fazer perguntas assim. Enquanto eu tiver a chance de reverter, eu vou reverter.\u00a0J\u00e1 n\u00e3o pediram a minha cabe\u00e7a no Campeonato Baiano? E eu reverti ou n\u00e3o?\u00a0Ent\u00e3o, tem que fazer de novo&#8221;, declarou.<\/p>\n<figure class=\"inlineImage\"><picture><source srcset=\"https:\/\/cdn.atarde.com.br\/img\/inline\/1400000\/320x0\/jair-nega-ter-atingido-teto-no-vitoria-nao-tem-cov0140019802202608292218-1.webp?fallback=https%3A%2F%2Fcdn.atarde.com.br%2Fimg%2Finline%2F1400000%2Fjair-nega-ter-atingido-teto-no-vitoria-nao-tem-cov0140019802202608292218.jpg%3Fxid%3D7189784&amp;xid=7189784\" media=\"(max-width: 768px)\" \/><source srcset=\"https:\/\/cdn.atarde.com.br\/img\/inline\/1400000\/724x0\/jair-nega-ter-atingido-teto-no-vitoria-nao-tem-cov0140019802202608292218-1.webp?fallback=https%3A%2F%2Fcdn.atarde.com.br%2Fimg%2Finline%2F1400000%2Fjair-nega-ter-atingido-teto-no-vitoria-nao-tem-cov0140019802202608292218.jpg%3Fxid%3D7189784&amp;xid=7189784\" media=\"(min-width: 768px)\" \/><img src=\"https:\/\/cdn.atarde.com.br\/img\/inline\/1400000\/724x0\/jair-nega-ter-atingido-teto-no-vitoria-nao-tem-cov0140019802202608292218-1.webp?fallback=https%3A%2F%2Fcdn.atarde.com.br%2Fimg%2Finline%2F1400000%2Fjair-nega-ter-atingido-teto-no-vitoria-nao-tem-cov0140019802202608292218.jpg%3Fxid%3D7189784&amp;xid=7189784\" alt=\"Vit\u00f3ria x Atl\u00e9tico-MG pelo Brasileir\u00e3o\" \/><\/picture><figcaption>Vit\u00f3ria x Atl\u00e9tico-MG pelo Brasileir\u00e3o &#8211; Foto: Victor Ferreira I EC Vit\u00f3ria<\/figcaption><\/figure>\n<p>Jair tamb\u00e9m admitiu que os resultados recentes s\u00e3o incompat\u00edveis com a dimens\u00e3o do Vit\u00f3ria. Segundo ele, assumir a responsabilidade pelas derrotas n\u00e3o significa abandonar o trabalho.<\/p>\n<p>&#8220;Estou em um time gigante, e time gigante n\u00e3o pode perder.\u00a0Quando perde, a gente assume a responsabilidade. Mas n\u00e3o tem covarde aqui para pedir para sair e falar que bateu no teto. Enquanto eu estiver aqui, vou lutar para fazer o melhor para eles&#8221;, garantiu.<\/p>\n<figure class=\"inlineImage\"><picture><source srcset=\"https:\/\/cdn.atarde.com.br\/img\/inline\/1400000\/320x0\/jair-nega-ter-atingido-teto-no-vitoria-nao-tem-cov0140019803202608292218-1.webp?fallback=https%3A%2F%2Fcdn.atarde.com.br%2Fimg%2Finline%2F1400000%2Fjair-nega-ter-atingido-teto-no-vitoria-nao-tem-cov0140019803202608292218.jpg%3Fxid%3D7189785&amp;xid=7189785\" media=\"(max-width: 768px)\" \/><source srcset=\"https:\/\/cdn.atarde.com.br\/img\/inline\/1400000\/724x0\/jair-nega-ter-atingido-teto-no-vitoria-nao-tem-cov0140019803202608292218-1.webp?fallback=https%3A%2F%2Fcdn.atarde.com.br%2Fimg%2Finline%2F1400000%2Fjair-nega-ter-atingido-teto-no-vitoria-nao-tem-cov0140019803202608292218.jpg%3Fxid%3D7189785&amp;xid=7189785\" media=\"(min-width: 768px)\" \/><img src=\"https:\/\/cdn.atarde.com.br\/img\/inline\/1400000\/724x0\/jair-nega-ter-atingido-teto-no-vitoria-nao-tem-cov0140019803202608292218-1.webp?fallback=https%3A%2F%2Fcdn.atarde.com.br%2Fimg%2Finline%2F1400000%2Fjair-nega-ter-atingido-teto-no-vitoria-nao-tem-cov0140019803202608292218.jpg%3Fxid%3D7189785&amp;xid=7189785\" alt=\"Vit\u00f3ria x Atl\u00e9tico-MG pelo Brasileir\u00e3o\" \/><\/picture><figcaption>Vit\u00f3ria x Atl\u00e9tico-MG pelo Brasileir\u00e3o &#8211; Foto: Victor Ferreira I EC Vit\u00f3ria<\/figcaption><\/figure>\n<h2>Treinador contesta recorte<\/h2>\n<p>A postura defensiva do Vit\u00f3ria tamb\u00e9m entrou em discuss\u00e3o.\u00a0Nos \u00faltimos tr\u00eas jogos, o Rubro-Negro permitiu 61 finaliza\u00e7\u00f5es aos advers\u00e1rios. Contra o Atl\u00e9tico-MG, mesmo diante de uma escala\u00e7\u00e3o alternativa do Galo, o primeiro chute do Le\u00e3o na dire\u00e7\u00e3o do gol aconteceu somente aos 42 minutos do segundo tempo, em uma tentativa de Erick.<\/p>\n<p>Questionado sobre o que poderia fazer para corrigir o desempenho coletivo, Jair afirmou que a solu\u00e7\u00e3o passa pelo trabalho di\u00e1rio e citou mudan\u00e7as realizadas nas partidas contra Vasco e Atl\u00e9tico-MG.<\/p>\n","protected":false},"excerpt":{"rendered":"<p>Treinador assumiu responsabilidade pela derrota contra o Atl\u00e9tico-MG no Brasileir\u00e3o Vit\u00f3ria x Atl\u00e9tico-MG pelo Brasileir\u00e3o &#8211; Foto: Victor Ferreira I EC Vit\u00f3ria Unindo a sequ\u00eancia do BaVi, da derrota contra o Vasco na Copa do Brasil e da derrota do\u00a0Vit\u00f3ria\u00a0por 2 a 0 para o Atl\u00e9tico-MG, na noite deste s\u00e1bado, 29, na Arena MRV, o [&hellip;]<\/p>\n","protected":false},"author":3,"featured_media":23979,"comment_status":"closed","ping_status":"closed","sticky":false,"template":"","format":"standard","meta":{"_links_to":"","_links_to_target":""},"categories":[1],"tags":[],"_links":{"self":[{"href":"https:\/\/www.correiodascidades.com.br\/v1\/wp-json\/wp\/v2\/posts\/23978"}],"collection":[{"href":"https:\/\/www.correiodascidades.com.br\/v1\/wp-json\/wp\/v2\/posts"}],"about":[{"href":"https:\/\/www.correiodascidades.com.br\/v1\/wp-json\/wp\/v2\/types\/post"}],"author":[{"embeddable":true,"href":"https:\/\/www.correiodascidades.com.br\/v1\/wp-json\/wp\/v2\/users\/3"}],"replies":[{"embeddable":true,"href":"https:\/\/www.correiodascidades.com.br\/v1\/wp-json\/wp\/v2\/comments?post=23978"}],"version-history":[{"count":2,"href":"https:\/\/www.correiodascidades.com.br\/v1\/wp-json\/wp\/v2\/posts\/23978\/revisions"}],"predecessor-version":[{"id":23985,"href":"https:\/\/www.correiodascidades.com.br\/v1\/wp-json\/wp\/v2\/posts\/23978\/revisions\/23985"}],"wp:featuredmedia":[{"embeddable":true,"href":"https:\/\/www.correiodascidades.com.br\/v1\/wp-json\/wp\/v2\/media\/23979"}],"wp:attachment":[{"href":"https:\/\/www.correiodascidades.com.br\/v1\/wp-json\/wp\/v2\/media?parent=23978"}],"wp:term":[{"taxonomy":"category","embeddable":true,"href":"https:\/\/www.correiodascidades.com.br\/v1\/wp-json\/wp\/v2\/categories?post=23978"},{"taxonomy":"post_tag","embeddable":true,"href":"https:\/\/www.correiodascidades.com.br\/v1\/wp-json\/wp\/v2\/tags?post=23978"}],"curies":[{"name":"wp","href":"https:\/\/api.w.org\/{rel}","templated":true}]}}