{"id":2398,"date":"2023-01-06T04:38:54","date_gmt":"2023-01-06T07:38:54","guid":{"rendered":"https:\/\/www.correiodascidades.com.br\/v1\/?p=2398"},"modified":"2023-01-06T04:38:54","modified_gmt":"2023-01-06T07:38:54","slug":"comunicacao-seduc-nota-de-esclarecimento","status":"publish","type":"post","link":"https:\/\/www.correiodascidades.com.br\/v1\/2023\/01\/06\/comunicacao-seduc-nota-de-esclarecimento\/","title":{"rendered":"COMUNICA\u00c7\u00c3O SEDUC &#8211; NOTA DE ESCLARECIMENTO"},"content":{"rendered":"<p><img loading=\"lazy\" class=\"\" src=\"https:\/\/www.correiodascidades.com.br\/v1\/wp-content\/uploads\/2023\/01\/images-_2_.jpeg\" width=\"498\" height=\"366\" \/><\/p>\n<p style=\"font-weight: 400;\">A Secretaria Municipal de Educa\u00e7\u00e3o (SEDUC) esclarece sobre a situa\u00e7\u00e3o dos professores contratados. De acordo com informa\u00e7\u00f5es obtidas pelo Setor de Recursos Humanos da Prefeitura de Ilh\u00e9us, at\u00e9 a pr\u00f3xima ter\u00e7a-feira, 10 de janeiro, ser\u00e3o realizados os pagamentos das horas extras e aulas suplementares, a partir de uma folha de pagamento adicional.<!--more--><\/p>\n<p style=\"font-weight: 400;\">No que se refere \u00e0 rescis\u00e3o contratual dos servidores contratados, a pasta comunica que, com o t\u00e9rmino do ano letivo proposto no calend\u00e1rio de 2022 para o dia 16 de dezembro, os mesmos foram liberados das atividades, sendo o pagamento contabilizado at\u00e9 o dia 20 do mesmo m\u00eas, data de rescis\u00e3o dos contratos.<\/p>\n<p style=\"font-weight: 400;\">Sobre as verbas rescis\u00f3rias, segundo informa\u00e7\u00f5es do RH, estas ser\u00e3o pagas at\u00e9 o final de janeiro. Em tempo, a SEDUC informa que, devido \u00e0 rescis\u00e3o dos contratos, um novo Edital de Sele\u00e7\u00e3o ser\u00e1 publicado via Di\u00e1rio Oficial do Munic\u00edpio ainda este m\u00eas.<\/p>\n<p style=\"font-weight: 400;\">A professora Eliane Oliveira, titular da pasta, reitera o compromisso do governo M\u00e1rio Alexandre em garantir o pagamento regular dos sal\u00e1rios dos servidores e a valoriza\u00e7\u00e3o dos profissionais da Educa\u00e7\u00e3o da rede municipal, quer sejam efetivos ou contratados, e que acumulam ao longo dos \u00faltimos seis anos ganhos e vantagens, fruto do trabalho respons\u00e1vel da atual gest\u00e3o.<\/p>\n","protected":false},"excerpt":{"rendered":"<p>A Secretaria Municipal de Educa\u00e7\u00e3o (SEDUC) esclarece sobre a situa\u00e7\u00e3o dos professores contratados. De acordo com informa\u00e7\u00f5es obtidas pelo Setor de Recursos Humanos da Prefeitura de Ilh\u00e9us, at\u00e9 a pr\u00f3xima ter\u00e7a-feira, 10 de janeiro, ser\u00e3o realizados os pagamentos das horas extras e aulas suplementares, a partir de uma folha de pagamento adicional.<\/p>\n","protected":false},"author":3,"featured_media":2399,"comment_status":"closed","ping_status":"closed","sticky":false,"template":"","format":"standard","meta":{"_links_to":"","_links_to_target":""},"categories":[2],"tags":[],"_links":{"self":[{"href":"https:\/\/www.correiodascidades.com.br\/v1\/wp-json\/wp\/v2\/posts\/2398"}],"collection":[{"href":"https:\/\/www.correiodascidades.com.br\/v1\/wp-json\/wp\/v2\/posts"}],"about":[{"href":"https:\/\/www.correiodascidades.com.br\/v1\/wp-json\/wp\/v2\/types\/post"}],"author":[{"embeddable":true,"href":"https:\/\/www.correiodascidades.com.br\/v1\/wp-json\/wp\/v2\/users\/3"}],"replies":[{"embeddable":true,"href":"https:\/\/www.correiodascidades.com.br\/v1\/wp-json\/wp\/v2\/comments?post=2398"}],"version-history":[{"count":1,"href":"https:\/\/www.correiodascidades.com.br\/v1\/wp-json\/wp\/v2\/posts\/2398\/revisions"}],"predecessor-version":[{"id":2400,"href":"https:\/\/www.correiodascidades.com.br\/v1\/wp-json\/wp\/v2\/posts\/2398\/revisions\/2400"}],"wp:featuredmedia":[{"embeddable":true,"href":"https:\/\/www.correiodascidades.com.br\/v1\/wp-json\/wp\/v2\/media\/2399"}],"wp:attachment":[{"href":"https:\/\/www.correiodascidades.com.br\/v1\/wp-json\/wp\/v2\/media?parent=2398"}],"wp:term":[{"taxonomy":"category","embeddable":true,"href":"https:\/\/www.correiodascidades.com.br\/v1\/wp-json\/wp\/v2\/categories?post=2398"},{"taxonomy":"post_tag","embeddable":true,"href":"https:\/\/www.correiodascidades.com.br\/v1\/wp-json\/wp\/v2\/tags?post=2398"}],"curies":[{"name":"wp","href":"https:\/\/api.w.org\/{rel}","templated":true}]}}