{"id":23981,"date":"2026-08-30T02:11:11","date_gmt":"2026-08-30T05:11:11","guid":{"rendered":"https:\/\/www.correiodascidades.com.br\/v1\/?p=23981"},"modified":"2026-08-30T02:15:09","modified_gmt":"2026-08-30T05:15:09","slug":"marao-visita-obras-de-duplicacao-da-ba-001-e-destaca-avancos-para-ilheus-e-regiao","status":"publish","type":"post","link":"https:\/\/www.correiodascidades.com.br\/v1\/2026\/08\/30\/marao-visita-obras-de-duplicacao-da-ba-001-e-destaca-avancos-para-ilheus-e-regiao\/","title":{"rendered":"Mar\u00e3o visita obras de duplica\u00e7\u00e3o da BA-001 e destaca avan\u00e7os para Ilh\u00e9us e regi\u00e3o"},"content":{"rendered":"<div class=\"entry-content\">\n<p><img loading=\"lazy\" class=\"aligncenter wp-image-114414\" src=\"https:\/\/fabiorobertonoticias.com.br\/wp-content\/uploads\/2026\/08\/IMG-20260829-WA0285.jpg\" sizes=\"auto, (max-width: 1000px) 100vw, 1000px\" srcset=\"https:\/\/fabiorobertonoticias.com.br\/wp-content\/uploads\/2026\/08\/IMG-20260829-WA0285.jpg 1000w, https:\/\/fabiorobertonoticias.com.br\/wp-content\/uploads\/2026\/08\/IMG-20260829-WA0285-300x221.jpg 300w, https:\/\/fabiorobertonoticias.com.br\/wp-content\/uploads\/2026\/08\/IMG-20260829-WA0285-768x565.jpg 768w\" alt=\"\" width=\"526\" height=\"387\" \/><\/p>\n<p>Ex-prefeito acompanha andamento dos servi\u00e7os, conversa com trabalhadores e refor\u00e7a compromisso com novos investimentos<\/p>\n<p>O candidato a deputado estadual M\u00e1rio Alexandre, o Mar\u00e3o, visitou os canteiros de obras da duplica\u00e7\u00e3o da BA-001, em Ilh\u00e9us, onde conversou com trabalhadores e acompanhou de perto o andamento dos servi\u00e7os.<\/p>\n<p>Durante a visita, Mar\u00e3o destacou a import\u00e2ncia da obra para a melhoria da mobilidade, o fortalecimento da economia e o desenvolvimento de Ilh\u00e9us e de toda a regi\u00e3o.<\/p>\n<\/div>\n<p>O ex-prefeito lembrou que o projeto teve in\u00edcio durante sua gest\u00e3o \u00e0 frente da Prefeitura de Ilh\u00e9us, a partir do di\u00e1logo e da parceria estabelecidos com o Governo do Estado. Para Mar\u00e3o, a continuidade da obra representa um avan\u00e7o importante para a infraestrutura regional e para a melhoria da qualidade de vida da popula\u00e7\u00e3o.<\/p>\n<p>\u201cEssa experi\u00eancia de gest\u00e3o e de di\u00e1logo com o Governo do Estado nos mostrou que, quando existe uni\u00e3o e compromisso, \u00e9 poss\u00edvel transformar projetos em realidade\u201d, destacou.<\/p>\n<p>Mar\u00e3o tamb\u00e9m ressaltou que a experi\u00eancia acumulada ao longo de sua trajet\u00f3ria o prepara para representar Ilh\u00e9us e a regi\u00e3o na Assembleia Legislativa da Bahia, defendendo a chegada de novos investimentos.<\/p>\n<p>Segundo ele, a miss\u00e3o agora \u00e9 ampliar essa articula\u00e7\u00e3o em favor da popula\u00e7\u00e3o, buscando projetos que promovam desenvolvimento, gera\u00e7\u00e3o de empregos e mais qualidade de vida.<\/p>\n<p><!--more--><\/p>\n<p>\u201cQuero continuar trabalhando para trazer investimentos, oportunidades e desenvolvimento para Ilh\u00e9us e toda a regi\u00e3o. Precisamos fortalecer nossa representatividade e fazer com que a nossa voz seja cada vez mais ouvida na Bahia\u201d, afirmou Mar\u00e3o.<\/p>\n","protected":false},"excerpt":{"rendered":"<p>Ex-prefeito acompanha andamento dos servi\u00e7os, conversa com trabalhadores e refor\u00e7a compromisso com novos investimentos O candidato a deputado estadual M\u00e1rio Alexandre, o Mar\u00e3o, visitou os canteiros de obras da duplica\u00e7\u00e3o da BA-001, em Ilh\u00e9us, onde conversou com trabalhadores e acompanhou de perto o andamento dos servi\u00e7os. Durante a visita, Mar\u00e3o destacou a import\u00e2ncia da obra [&hellip;]<\/p>\n","protected":false},"author":3,"featured_media":23982,"comment_status":"closed","ping_status":"closed","sticky":false,"template":"","format":"standard","meta":{"_links_to":"","_links_to_target":""},"categories":[1],"tags":[],"_links":{"self":[{"href":"https:\/\/www.correiodascidades.com.br\/v1\/wp-json\/wp\/v2\/posts\/23981"}],"collection":[{"href":"https:\/\/www.correiodascidades.com.br\/v1\/wp-json\/wp\/v2\/posts"}],"about":[{"href":"https:\/\/www.correiodascidades.com.br\/v1\/wp-json\/wp\/v2\/types\/post"}],"author":[{"embeddable":true,"href":"https:\/\/www.correiodascidades.com.br\/v1\/wp-json\/wp\/v2\/users\/3"}],"replies":[{"embeddable":true,"href":"https:\/\/www.correiodascidades.com.br\/v1\/wp-json\/wp\/v2\/comments?post=23981"}],"version-history":[{"count":2,"href":"https:\/\/www.correiodascidades.com.br\/v1\/wp-json\/wp\/v2\/posts\/23981\/revisions"}],"predecessor-version":[{"id":23987,"href":"https:\/\/www.correiodascidades.com.br\/v1\/wp-json\/wp\/v2\/posts\/23981\/revisions\/23987"}],"wp:featuredmedia":[{"embeddable":true,"href":"https:\/\/www.correiodascidades.com.br\/v1\/wp-json\/wp\/v2\/media\/23982"}],"wp:attachment":[{"href":"https:\/\/www.correiodascidades.com.br\/v1\/wp-json\/wp\/v2\/media?parent=23981"}],"wp:term":[{"taxonomy":"category","embeddable":true,"href":"https:\/\/www.correiodascidades.com.br\/v1\/wp-json\/wp\/v2\/categories?post=23981"},{"taxonomy":"post_tag","embeddable":true,"href":"https:\/\/www.correiodascidades.com.br\/v1\/wp-json\/wp\/v2\/tags?post=23981"}],"curies":[{"name":"wp","href":"https:\/\/api.w.org\/{rel}","templated":true}]}}