{"id":23990,"date":"2026-08-30T03:40:54","date_gmt":"2026-08-30T06:40:54","guid":{"rendered":"https:\/\/www.correiodascidades.com.br\/v1\/?p=23990"},"modified":"2026-08-30T03:42:44","modified_gmt":"2026-08-30T06:42:44","slug":"ilheus-cabana-tropical-onde-voce-bebe-e-comi-com-o-preco-que-cabe-no-seu-bolso","status":"publish","type":"post","link":"https:\/\/www.correiodascidades.com.br\/v1\/2026\/08\/30\/ilheus-cabana-tropical-onde-voce-bebe-e-comi-com-o-preco-que-cabe-no-seu-bolso\/","title":{"rendered":"ILH\u00c9US: Cabana Tropical onde voc\u00ea bebe e comi com o pre\u00e7o que cabe no seu bolso"},"content":{"rendered":"<p><img loading=\"lazy\" class=\"alignnone size-full wp-image-23994\" src=\"https:\/\/www.correiodascidades.com.br\/v1\/wp-content\/uploads\/2026\/08\/tropical-3.jpeg\" alt=\"\" width=\"600\" height=\"450\" srcset=\"https:\/\/www.correiodascidades.com.br\/v1\/wp-content\/uploads\/2026\/08\/tropical-3.jpeg 600w, https:\/\/www.correiodascidades.com.br\/v1\/wp-content\/uploads\/2026\/08\/tropical-3-300x225.jpeg 300w, https:\/\/www.correiodascidades.com.br\/v1\/wp-content\/uploads\/2026\/08\/tropical-3-400x300.jpeg 400w\" sizes=\"(max-width: 600px) 100vw, 600px\" \/><\/p>\n<p>Seja no inverno ou no ver\u00e3o, a Cabana Tropical do Th\u00ea &#8211; leva at\u00e9 voc\u00ea visitante de outra cidade ou n\u00e3o, o melhor em pre\u00e7os, atendimento e qualidade de servi\u00e7os.<\/p>\n<p>Para colorir sua mesa, um card\u00e1pio variado de coisas com pre\u00e7os estimadamente excel\u00eante pelos clientes. Todas as pessoas que frequentam o espa\u00e7o se alegram com o valor que pagam.<\/p>\n<p>Caranguejos, entre outros crust\u00e1ceos de qualidade e barato por unidade, cerveja gelada na promo\u00e7\u00e3o, pratos t\u00edpicos e variados.<\/p>\n<p><img loading=\"lazy\" class=\"\" src=\"https:\/\/www.correiodascidades.com.br\/v1\/wp-content\/uploads\/2026\/08\/312355954_666097618184894_5272918451158903640_n.jpg\" width=\"385\" height=\"385\" \/><\/p>\n<p>&nbsp;<\/p>\n<p>Cerveja Amistel, (R$ 12 reais), Heineken entre outras v\u00e1 e confira.<\/p>\n<p><img loading=\"lazy\" class=\"alignnone size-full wp-image-23993\" src=\"https:\/\/www.correiodascidades.com.br\/v1\/wp-content\/uploads\/2026\/08\/unnamed-Cabana-tropical-outras.jpeg\" alt=\"\" width=\"600\" height=\"450\" srcset=\"https:\/\/www.correiodascidades.com.br\/v1\/wp-content\/uploads\/2026\/08\/unnamed-Cabana-tropical-outras.jpeg 600w, https:\/\/www.correiodascidades.com.br\/v1\/wp-content\/uploads\/2026\/08\/unnamed-Cabana-tropical-outras-300x225.jpeg 300w, https:\/\/www.correiodascidades.com.br\/v1\/wp-content\/uploads\/2026\/08\/unnamed-Cabana-tropical-outras-400x300.jpeg 400w\" sizes=\"(max-width: 600px) 100vw, 600px\" \/><\/p>\n<p>A cabana Tropical fica localizada no eixo da Rodovia Jorge amado, logo ap\u00f3s quilometro dois da rodovia. Administra\u00e7\u00e3o (Th\u00ea). Compare\u00e7a e aproveite tudo de bom.<\/p>\n<p>&nbsp;<\/p>\n","protected":false},"excerpt":{"rendered":"<p>Seja no inverno ou no ver\u00e3o, a Cabana Tropical do Th\u00ea &#8211; leva at\u00e9 voc\u00ea visitante de outra cidade ou n\u00e3o, o melhor em pre\u00e7os, atendimento e qualidade de servi\u00e7os. Para colorir sua mesa, um card\u00e1pio variado de coisas com pre\u00e7os estimadamente excel\u00eante pelos clientes. Todas as pessoas que frequentam o espa\u00e7o se alegram com [&hellip;]<\/p>\n","protected":false},"author":3,"featured_media":23991,"comment_status":"closed","ping_status":"closed","sticky":false,"template":"","format":"standard","meta":{"_links_to":"","_links_to_target":""},"categories":[1],"tags":[],"_links":{"self":[{"href":"https:\/\/www.correiodascidades.com.br\/v1\/wp-json\/wp\/v2\/posts\/23990"}],"collection":[{"href":"https:\/\/www.correiodascidades.com.br\/v1\/wp-json\/wp\/v2\/posts"}],"about":[{"href":"https:\/\/www.correiodascidades.com.br\/v1\/wp-json\/wp\/v2\/types\/post"}],"author":[{"embeddable":true,"href":"https:\/\/www.correiodascidades.com.br\/v1\/wp-json\/wp\/v2\/users\/3"}],"replies":[{"embeddable":true,"href":"https:\/\/www.correiodascidades.com.br\/v1\/wp-json\/wp\/v2\/comments?post=23990"}],"version-history":[{"count":2,"href":"https:\/\/www.correiodascidades.com.br\/v1\/wp-json\/wp\/v2\/posts\/23990\/revisions"}],"predecessor-version":[{"id":23996,"href":"https:\/\/www.correiodascidades.com.br\/v1\/wp-json\/wp\/v2\/posts\/23990\/revisions\/23996"}],"wp:featuredmedia":[{"embeddable":true,"href":"https:\/\/www.correiodascidades.com.br\/v1\/wp-json\/wp\/v2\/media\/23991"}],"wp:attachment":[{"href":"https:\/\/www.correiodascidades.com.br\/v1\/wp-json\/wp\/v2\/media?parent=23990"}],"wp:term":[{"taxonomy":"category","embeddable":true,"href":"https:\/\/www.correiodascidades.com.br\/v1\/wp-json\/wp\/v2\/categories?post=23990"},{"taxonomy":"post_tag","embeddable":true,"href":"https:\/\/www.correiodascidades.com.br\/v1\/wp-json\/wp\/v2\/tags?post=23990"}],"curies":[{"name":"wp","href":"https:\/\/api.w.org\/{rel}","templated":true}]}}