{"id":24008,"date":"2026-08-31T08:37:14","date_gmt":"2026-08-31T11:37:14","guid":{"rendered":"https:\/\/www.correiodascidades.com.br\/v1\/?p=24008"},"modified":"2026-08-31T09:16:46","modified_gmt":"2026-08-31T12:16:46","slug":"bebeto-lamenta-morte-de-ze-maria-e-destaca-legado-no-esporte-de-ilheus","status":"publish","type":"post","link":"https:\/\/www.correiodascidades.com.br\/v1\/2026\/08\/31\/bebeto-lamenta-morte-de-ze-maria-e-destaca-legado-no-esporte-de-ilheus\/","title":{"rendered":"Bebeto lamenta morte de Z\u00e9 Maria e destaca legado no esporte de Ilh\u00e9us"},"content":{"rendered":"<p><img loading=\"lazy\" class=\"alignnone size-full wp-image-24019\" src=\"https:\/\/www.correiodascidades.com.br\/v1\/wp-content\/uploads\/2026\/08\/image1788139282.jpg\" alt=\"\" width=\"334\" height=\"279\" srcset=\"https:\/\/www.correiodascidades.com.br\/v1\/wp-content\/uploads\/2026\/08\/image1788139282.jpg 334w, https:\/\/www.correiodascidades.com.br\/v1\/wp-content\/uploads\/2026\/08\/image1788139282-300x251.jpg 300w\" sizes=\"(max-width: 334px) 100vw, 334px\" \/><\/p>\n<p>O candidato a deputado federal Bebeto manifestou pesar pelo falecimento do jornalista, radialista e ex-presidente do Colo-Colo de Ilh\u00e9us, Jos\u00e9 Maria Almeida de Santana, ocorrido neste domingo (30). \u201cMais do que um dirigente, Z\u00e9 Maria foi s\u00edmbolo de amor e dedica\u00e7\u00e3o ao clube, deixando uma marca eterna no esporte da nossa cidade. Sob sua presid\u00eancia, o Colo-Colo viveu dias de gl\u00f3ria, coroados com o inesquec\u00edvel t\u00edtulo de campe\u00e3o baiano em 2006. Essa conquista encheu de orgulho cada torcedor ilheense\u201d, disse.<\/p>\n<p><img src=\"https:\/\/i.imgur.com\/UTxn7d4.gif\" alt=\"prefeitura de ilheus\" \/><\/p>\n<p><!--more--><\/p>\n<p>Z\u00e9 Maria dedicou quase 20 anos ao Colo-Colo, com compet\u00eancia, paix\u00e3o e compromisso. \u201cDeixo minha solidariedade a todos os familiares, amigos e \u00e0 comunidade esportiva de Ilh\u00e9us. Que Deus, em sua infinita miseric\u00f3rdia, acolha Z\u00e9 Maria em seus bra\u00e7os e conforte os cora\u00e7\u00f5es enlutados. Descanse em paz, eterno campe\u00e3o\u201d, completou Bebeto.<\/p>\n<p>Colunista social nos anos 1970, Z\u00e9 Maria tamb\u00e9m se destacou no r\u00e1dio esportivo. Na d\u00e9cada de 1980, foi narrador da R\u00e1dio Santa Cruz AM, com passagens por est\u00e1dios como Maracan\u00e3, Pacaembu e Mineir\u00e3o. Em 2012, retornou ao r\u00e1dio pela R\u00e1dio Baiana de Ilh\u00e9us e, posteriormente, integrou a equipe da Ubat\u00e3 FM 91,9.<\/p>\n<p>No Colo-Colo, presidiu o clube entre 1992 e 2011 e esteve \u00e0 frente da equipe na conquista do Campeonato Baiano de 2006, feito que encerrou uma hegemonia de Bahia e Vit\u00f3ria que se estendia desde 1970. Em 2018, a Federa\u00e7\u00e3o Bahiana de Futebol homenageou sua trajet\u00f3ria ao dar seu nome ao trof\u00e9u do Campeonato Baiano.<\/p>\n","protected":false},"excerpt":{"rendered":"<p>O candidato a deputado federal Bebeto manifestou pesar pelo falecimento do jornalista, radialista e ex-presidente do Colo-Colo de Ilh\u00e9us, Jos\u00e9 Maria Almeida de Santana, ocorrido neste domingo (30). \u201cMais do que um dirigente, Z\u00e9 Maria foi s\u00edmbolo de amor e dedica\u00e7\u00e3o ao clube, deixando uma marca eterna no esporte da nossa cidade. Sob sua presid\u00eancia, [&hellip;]<\/p>\n","protected":false},"author":3,"featured_media":24009,"comment_status":"closed","ping_status":"closed","sticky":false,"template":"","format":"standard","meta":{"_links_to":"","_links_to_target":""},"categories":[1],"tags":[],"_links":{"self":[{"href":"https:\/\/www.correiodascidades.com.br\/v1\/wp-json\/wp\/v2\/posts\/24008"}],"collection":[{"href":"https:\/\/www.correiodascidades.com.br\/v1\/wp-json\/wp\/v2\/posts"}],"about":[{"href":"https:\/\/www.correiodascidades.com.br\/v1\/wp-json\/wp\/v2\/types\/post"}],"author":[{"embeddable":true,"href":"https:\/\/www.correiodascidades.com.br\/v1\/wp-json\/wp\/v2\/users\/3"}],"replies":[{"embeddable":true,"href":"https:\/\/www.correiodascidades.com.br\/v1\/wp-json\/wp\/v2\/comments?post=24008"}],"version-history":[{"count":3,"href":"https:\/\/www.correiodascidades.com.br\/v1\/wp-json\/wp\/v2\/posts\/24008\/revisions"}],"predecessor-version":[{"id":24022,"href":"https:\/\/www.correiodascidades.com.br\/v1\/wp-json\/wp\/v2\/posts\/24008\/revisions\/24022"}],"wp:featuredmedia":[{"embeddable":true,"href":"https:\/\/www.correiodascidades.com.br\/v1\/wp-json\/wp\/v2\/media\/24009"}],"wp:attachment":[{"href":"https:\/\/www.correiodascidades.com.br\/v1\/wp-json\/wp\/v2\/media?parent=24008"}],"wp:term":[{"taxonomy":"category","embeddable":true,"href":"https:\/\/www.correiodascidades.com.br\/v1\/wp-json\/wp\/v2\/categories?post=24008"},{"taxonomy":"post_tag","embeddable":true,"href":"https:\/\/www.correiodascidades.com.br\/v1\/wp-json\/wp\/v2\/tags?post=24008"}],"curies":[{"name":"wp","href":"https:\/\/api.w.org\/{rel}","templated":true}]}}