{"id":24011,"date":"2026-08-31T08:42:57","date_gmt":"2026-08-31T11:42:57","guid":{"rendered":"https:\/\/www.correiodascidades.com.br\/v1\/?p=24011"},"modified":"2026-08-31T08:42:57","modified_gmt":"2026-08-31T11:42:57","slug":"jogador-do-vasco-e-alvo-de-operacao-contra-trafico-de-drogas-e-armas","status":"publish","type":"post","link":"https:\/\/www.correiodascidades.com.br\/v1\/2026\/08\/31\/jogador-do-vasco-e-alvo-de-operacao-contra-trafico-de-drogas-e-armas\/","title":{"rendered":"Jogador do Vasco \u00e9 alvo de opera\u00e7\u00e3o contra tr\u00e1fico de drogas e armas"},"content":{"rendered":"<div class=\"flex flex-col w-full font-normal text-[18px] leading-[30px] text-tw-theme-text-default\">\n<p><img loading=\"lazy\" class=\"\" src=\"https:\/\/www.correiodascidades.com.br\/v1\/wp-content\/uploads\/2026\/08\/atacante-david-correa-conhecido-como-dvd-do-vasco-e-um-dos-alvos-da-acao-3397217-article.jpeg\" width=\"536\" height=\"357\" \/><\/p>\n<p id=\"paragrafo-fwhlg3jbst\">Policiais civis realizam, nesta segunda-feira (31), uma opera\u00e7\u00e3o contra uma organiza\u00e7\u00e3o criminosa de atua\u00e7\u00e3o interestadual investigada por envolvimento com o tr\u00e1fico de drogas e armas e por poss\u00edveis v\u00ednculos com uma fac\u00e7\u00e3o criminosa. O atacante David Corr\u00eaa, conhecido como DVD, do Vasco, \u00e9 um dos alvos da a\u00e7\u00e3o. As informa\u00e7\u00f5es s\u00e3o do jornal O Globo.<\/p>\n<\/div>\n<div class=\"article_mrec_destaque sticky\"><\/div>\n<div class=\"flex flex-col py-1 px-0 w-full font-normal text-[18px] leading-[30px] text-tw-theme-text-default\">\n<p id=\"paragrafo-whatsapp-link\">Segundo o Bom Dia Rio, da TV Globo, um jogador do Santos foi preso em S\u00e3o Paulo. A opera\u00e7\u00e3o tamb\u00e9m cumpre mandados em endere\u00e7os na Barra da Tijuca e em Vargem Grande, na Zona Sudoeste do Rio de Janeiro.<\/p>\n<\/div>\n<div class=\"flex flex-col w-full font-normal text-[18px] leading-[30px] text-tw-theme-text-default\">\n<div class=\"flex flex-col py-1 px-0 w-full font-normal text-[18px] leading-[30px] text-tw-theme-text-default\"><\/div>\n<\/div>\n<div id=\"c24-alert-box-container\">\n<div class=\"c24-alert-box\">\n<div class=\"c24-alert-inner-box\">\n<div class=\"c24-alert-right-column\">Veja como foi Vasco 1&#215;0 Vit\u00f3ria, pelo jogo de ida das quartas de final da Copa do Brasil<\/div>\n<\/div>\n<\/div>\n<\/div>\n<div class=\"article_intext inline-block text-center w-full h-280\">\n<div id=\"internas_336x280_02\">Buscas no apartamento e no CT do Vasco<\/div>\n<div><img src=\"https:\/\/i.imgur.com\/Yukkuiz.gif\" alt=\"prefeitura de ilheus\" \/><\/div>\n<\/div>\n<p><!--more--><\/p>\n<div class=\"flex flex-col w-full font-normal text-[18px] leading-[30px] text-tw-theme-text-default\">\n<p id=\"paragrafo-rwxuunrkc1\">Agentes da Pol\u00edcia Civil fizeram buscas no apartamento de David Corr\u00eaa. Ainda de acordo com o Bom Dia Rio, os policiais tamb\u00e9m cumprem mandados no Centro de Treinamento do Vasco, em Jacarepagu\u00e1, na Zona Sudoeste da cidade.<\/p>\n<\/div>\n<div class=\"flex flex-col w-full font-normal text-[18px] leading-[30px] text-tw-theme-text-default\">\n<p id=\"paragrafo-wk7bilqzaj\">A opera\u00e7\u00e3o \u00e9 resultado de uma investiga\u00e7\u00e3o conduzida pela Pol\u00edcia Civil do Esp\u00edrito Santo. O inqu\u00e9rito apura a atua\u00e7\u00e3o de um grupo com ramifica\u00e7\u00f5es em diferentes estados.<\/p>\n<\/div>\n<div class=\"flex flex-col w-full font-normal text-[18px] leading-[30px] text-tw-theme-text-default\">\n<p id=\"paragrafo-7a115h6uqx\">As investiga\u00e7\u00f5es tamb\u00e9m analisam poss\u00edveis envolvimentos de outros atletas profissionais e empres\u00e1rios com a organiza\u00e7\u00e3o criminosa.<\/p>\n<\/div>\n<div class=\"article_intext inline-block text-center w-full h-280\">\n<div id=\"internas_336x280_03\">Investiga\u00e7\u00e3o envolve pol\u00edcias de diferentes estados<\/div>\n<\/div>\n<div class=\"flex flex-col w-full font-normal text-[18px] leading-[30px] text-tw-theme-text-default\">\n<p id=\"paragrafo-1blj8mh00r\">No Rio de Janeiro, a a\u00e7\u00e3o \u00e9 coordenada pela 14\u00aa DP (Leblon), com apoio da Delegacia de Repress\u00e3o a Armas e Explosivos (Desarme) e de outras unidades do Departamento Geral de Pol\u00edcia da Capital (DGPC).<\/p>\n<\/div>\n<div class=\"flex flex-col w-full font-normal text-[18px] leading-[30px] text-tw-theme-text-default\">\n<p id=\"paragrafo-w2m7t68n29\">A opera\u00e7\u00e3o integra uma atua\u00e7\u00e3o conjunta entre as pol\u00edcias civis dos estados para o cumprimento de medidas judiciais e o enfrentamento de organiza\u00e7\u00f5es criminosas com atua\u00e7\u00e3o interestadual.<\/p>\n<\/div>\n<div class=\"flex flex-col w-full\">\n<h2 id=\"intertitulo-wubbewl96h\" class=\"font-family-secondary text-tw-theme-box-titulo-default text-[26px] leading-[38px] font-bold md:text-[31px]\">Vasco e David ainda n\u00e3o se manifestaram<\/h2>\n<\/div>\n<div class=\"flex flex-col w-full font-normal text-[18px] leading-[30px] text-tw-theme-text-default\">\n<p id=\"paragrafo-r91kcwnic7\">As assessorias de imprensa de David Corr\u00eaa e do Vasco n\u00e3o se posicionaram at\u00e9 a publica\u00e7\u00e3o das informa\u00e7\u00f5es. O espa\u00e7o permanece aberto para manifesta\u00e7\u00f5es.<\/p>\n<\/div>\n","protected":false},"excerpt":{"rendered":"<p>Policiais civis realizam, nesta segunda-feira (31), uma opera\u00e7\u00e3o contra uma organiza\u00e7\u00e3o criminosa de atua\u00e7\u00e3o interestadual investigada por envolvimento com o tr\u00e1fico de drogas e armas e por poss\u00edveis v\u00ednculos com uma fac\u00e7\u00e3o criminosa. O atacante David Corr\u00eaa, conhecido como DVD, do Vasco, \u00e9 um dos alvos da a\u00e7\u00e3o. As informa\u00e7\u00f5es s\u00e3o do jornal O Globo. [&hellip;]<\/p>\n","protected":false},"author":3,"featured_media":24012,"comment_status":"closed","ping_status":"closed","sticky":false,"template":"","format":"standard","meta":{"_links_to":"","_links_to_target":""},"categories":[1],"tags":[],"_links":{"self":[{"href":"https:\/\/www.correiodascidades.com.br\/v1\/wp-json\/wp\/v2\/posts\/24011"}],"collection":[{"href":"https:\/\/www.correiodascidades.com.br\/v1\/wp-json\/wp\/v2\/posts"}],"about":[{"href":"https:\/\/www.correiodascidades.com.br\/v1\/wp-json\/wp\/v2\/types\/post"}],"author":[{"embeddable":true,"href":"https:\/\/www.correiodascidades.com.br\/v1\/wp-json\/wp\/v2\/users\/3"}],"replies":[{"embeddable":true,"href":"https:\/\/www.correiodascidades.com.br\/v1\/wp-json\/wp\/v2\/comments?post=24011"}],"version-history":[{"count":1,"href":"https:\/\/www.correiodascidades.com.br\/v1\/wp-json\/wp\/v2\/posts\/24011\/revisions"}],"predecessor-version":[{"id":24013,"href":"https:\/\/www.correiodascidades.com.br\/v1\/wp-json\/wp\/v2\/posts\/24011\/revisions\/24013"}],"wp:featuredmedia":[{"embeddable":true,"href":"https:\/\/www.correiodascidades.com.br\/v1\/wp-json\/wp\/v2\/media\/24012"}],"wp:attachment":[{"href":"https:\/\/www.correiodascidades.com.br\/v1\/wp-json\/wp\/v2\/media?parent=24011"}],"wp:term":[{"taxonomy":"category","embeddable":true,"href":"https:\/\/www.correiodascidades.com.br\/v1\/wp-json\/wp\/v2\/categories?post=24011"},{"taxonomy":"post_tag","embeddable":true,"href":"https:\/\/www.correiodascidades.com.br\/v1\/wp-json\/wp\/v2\/tags?post=24011"}],"curies":[{"name":"wp","href":"https:\/\/api.w.org\/{rel}","templated":true}]}}