{"id":24025,"date":"2026-08-31T17:47:17","date_gmt":"2026-08-31T20:47:17","guid":{"rendered":"https:\/\/www.correiodascidades.com.br\/v1\/?p=24025"},"modified":"2026-08-31T17:47:17","modified_gmt":"2026-08-31T20:47:17","slug":"por-que-renan-santos-teve-campanha-a-presidencia-suspensa-pelo-tse-especialistas-veem-excesso-em-decisao-de-dias-toffoli","status":"publish","type":"post","link":"https:\/\/www.correiodascidades.com.br\/v1\/2026\/08\/31\/por-que-renan-santos-teve-campanha-a-presidencia-suspensa-pelo-tse-especialistas-veem-excesso-em-decisao-de-dias-toffoli\/","title":{"rendered":"Por que Renan Santos teve campanha \u00e0 Presid\u00eancia suspensa pelo TSE; especialistas veem excesso em decis\u00e3o de Dias Toffoli"},"content":{"rendered":"<div class=\"css-1k9op6x e17x9cvu0\" dir=\"ltr\">\n<p class=\"css-s4cjt0 eea635z0\" dir=\"ltr\">O ministro do Tribunal Superior Eleitoral (TSE) Jos\u00e9 Antonio Dias Toffoli suspendeu a campanha de\u00a0<a class=\"focusIndicatorReducedWidth css-n8oauk e1h2ur550\" href=\"https:\/\/www.bbc.com\/portuguese\/topics\/c6rerd7ndl8yt\">Renan Santos (Miss\u00e3o)<\/a>\u00a0\u00e0 Presid\u00eancia da Rep\u00fablica.<\/p>\n<\/div>\n<div class=\"css-1k9op6x e17x9cvu0\" dir=\"ltr\">\n<p class=\"css-s4cjt0 eea635z0\" dir=\"ltr\">Segundo a decis\u00e3o de domingo (30\/8) e que se tornou p\u00fablica nesta segunda-feira, a campanha de Renan praticou irregularidades nas redes sociais e &#8220;violou frontalmente&#8221; as regras do TSE.<\/p>\n<\/div>\n<div class=\"css-1k9op6x e17x9cvu0\" dir=\"ltr\">\n<p class=\"css-s4cjt0 eea635z0\" dir=\"ltr\">Dias Toffoli afirma que a campanha do candidato do Miss\u00e3o utilizou-se da &#8220;estrat\u00e9gia&#8221; de n\u00e3o informar, no ato do registro da candidatura, as redes sociais oficiais da campanha.<\/p>\n<\/div>\n<div class=\"css-1k9op6x e17x9cvu0\" dir=\"ltr\">\n<p class=\"css-s4cjt0 eea635z0\" dir=\"ltr\">Segundo a decis\u00e3o, 16 perfis em redes sociais foram informados somente 12 dias ap\u00f3s o requerimento de registro. O ministro afirma que Renan sabia que deveria informar os perfis ao registrar a candidatura. E que se beneficiou com a demora para informar. Ainda de acordo com a decis\u00e3o, ao menos um perfil est\u00e1 em utiliza\u00e7\u00e3o irregular &#8220;para difus\u00e3o de conte\u00fado a milh\u00f5es de seguidores e com favorecimento pelos algoritmos de recomenda\u00e7\u00e3o.&#8221;<\/p>\n<\/div>\n<div class=\"css-1k9op6x e17x9cvu0\" dir=\"ltr\"><\/div>\n<section id=\"search-oj-experiment-trigger\" class=\"css-1o3v5ug\" role=\"region\" data-e2e=\"recommendations-heading\" aria-labelledby=\"recommendations-heading\">\n<div class=\"css-79elbk e92pi9o0\"><span id=\"recommendations-heading\" class=\"css-11a9kw0 e1o9i7133\" dir=\"ltr\"><\/span><\/p>\n<ul class=\"css-64y6r\" role=\"list\">\n<li role=\"listitem\">\n<div class=\"css-qj66n0\" data-e2e=\"recommendations-wrapper\">\n<div class=\"css-i87o2a\">\n<div class=\"css-1jir9cx\"><img loading=\"lazy\" class=\"css-1seqhu9\" src=\"https:\/\/ichef.bbci.co.uk\/ace\/ws\/660\/cpsprodpb\/dde3\/live\/e6293c60-9f9d-11f1-a83c-33ebef033ca4.jpg.webp\" srcset=\"https:\/\/ichef.bbci.co.uk\/ace\/ws\/70\/cpsprodpb\/dde3\/live\/e6293c60-9f9d-11f1-a83c-33ebef033ca4.jpg.webp 70w, https:\/\/ichef.bbci.co.uk\/ace\/ws\/95\/cpsprodpb\/dde3\/live\/e6293c60-9f9d-11f1-a83c-33ebef033ca4.jpg.webp 95w, https:\/\/ichef.bbci.co.uk\/ace\/ws\/144\/cpsprodpb\/dde3\/live\/e6293c60-9f9d-11f1-a83c-33ebef033ca4.jpg.webp 144w, https:\/\/ichef.bbci.co.uk\/ace\/ws\/183\/cpsprodpb\/dde3\/live\/e6293c60-9f9d-11f1-a83c-33ebef033ca4.jpg.webp 183w, https:\/\/ichef.bbci.co.uk\/ace\/ws\/240\/cpsprodpb\/dde3\/live\/e6293c60-9f9d-11f1-a83c-33ebef033ca4.jpg.webp 240w, https:\/\/ichef.bbci.co.uk\/ace\/ws\/320\/cpsprodpb\/dde3\/live\/e6293c60-9f9d-11f1-a83c-33ebef033ca4.jpg.webp 320w, https:\/\/ichef.bbci.co.uk\/ace\/ws\/660\/cpsprodpb\/dde3\/live\/e6293c60-9f9d-11f1-a83c-33ebef033ca4.jpg.webp 660w\" alt=\"Dois homens aparecem lado a lado durante um debate. Renan Santos, \u00e0 direita, de terno escuro e \u00f3culos, leva o dedo indicador \u00e0 boca em um gesto de sil\u00eancio, enquanto Augusto Cury, \u00e0 esquerda, de terno azul e gravata amarela, olha em sua dire\u00e7\u00e3o. Eles est\u00e3o diante de um fundo escuro iluminado em tons azulados.\" width=\"669\" height=\"376\" \/><\/div>\n<\/div>\n<div class=\"css-6cb6xm\">\n<div class=\"css-168bqjo\"><a class=\"css-7tw9s9\" href=\"https:\/\/www.bbc.com\/portuguese\/articles\/c0req7qj02jo\">Augusto Cury sobe nas pesquisas: candidato tira mais votos de Lula ou Fl\u00e1vio Bolsonaro? O que diz analista<\/a><\/div>\n<\/div>\n<\/div>\n<\/li>\n<li role=\"listitem\">Para o advogado Guilherme Barcelos, fundador da Academia Brasileira de Direito Eleitoral e Pol\u00edtico (ABRADEP), Toffoli deveria ter ainda acionado a Procuradoria-Geral Eleitoral para investigar poss\u00edveis il\u00edcitos eleitorais por parte da campanha de Renan Santos, em vez de ter suspendido a campanha em decis\u00e3o de of\u00edcio.<\/li>\n<li role=\"listitem\">\n<div class=\"css-1k9op6x e17x9cvu0\" dir=\"ltr\">\n<p class=\"css-s4cjt0 eea635z0\" dir=\"ltr\">&#8220;O candidato estava previamente ciente de que deveria informar os endere\u00e7os e de que somente poderia utiliz\u00e1-los na campanha ap\u00f3s 48 horas de seu registro pelo Tribunal Superior Eleitoral. Violou frontalmente a obriga\u00e7\u00e3o. Os benef\u00edcios j\u00e1 auferidos s\u00e3o irrevers\u00edveis&#8221;, diz o ministro.<\/p>\n<\/div>\n<div class=\"css-1k9op6x e17x9cvu0\" dir=\"ltr\">\n<p class=\"css-s4cjt0 eea635z0\" dir=\"ltr\">Advogados eleitorais ouvidos pela BBC News Brasil avaliam que houve &#8220;excesso&#8221; na decis\u00e3o de Toffoli e que a suspens\u00e3o da campanha \u00e9 &#8220;abusiva&#8221;. Segundo esses especialistas, o ministro deveria ter suspendido apenas contas ilegais, e n\u00e3o toda a companha.<\/p>\n<\/div>\n<section id=\"search-oj-experiment-trigger\" class=\"css-1o3v5ug\" role=\"region\" data-e2e=\"recommendations-heading\" aria-labelledby=\"recommendations-heading\">\n<div class=\"css-79elbk e92pi9o0\"><\/div>\n<\/section>\n<\/li>\n<\/ul>\n<\/div>\n<\/section>\n<p><!--more--><\/p>\n<div class=\"css-1k9op6x e17x9cvu0\" dir=\"ltr\">\n<p class=\"css-s4cjt0 eea635z0\" dir=\"ltr\">Assim, o ministro suspendeu a realiza\u00e7\u00e3o de propaganda eleitoral da chapa majorit\u00e1ria do Miss\u00e3o por meio de qualquer endere\u00e7o eletr\u00f4nico, rede social, blog, aplicativo de mensagens instant\u00e2neas ou aplicativos.<\/p>\n<\/div>\n<div class=\"css-1k9op6x e17x9cvu0\" dir=\"ltr\">\n<p class=\"css-s4cjt0 eea635z0\" dir=\"ltr\">Como o Miss\u00e3o n\u00e3o tem tempo de propaganda eleitoral no r\u00e1dio e na televis\u00e3o, n\u00e3o houve proibi\u00e7\u00e3o sobre isso.<\/p>\n<\/div>\n<div class=\"css-1k9op6x e17x9cvu0\" dir=\"ltr\">\n<p class=\"css-s4cjt0 eea635z0\" dir=\"ltr\">O ministro suspendeu tamb\u00e9m repasses de recursos do Fundo Especial de Financiamento de Campanha \u00e0 chapa de Renan e a realiza\u00e7\u00e3o de gastos com eventuais recursos j\u00e1 repassados.<\/p>\n<\/div>\n<div class=\"css-1k9op6x e17x9cvu0\" dir=\"ltr\">\n<p class=\"css-s4cjt0 eea635z0\" dir=\"ltr\">Renan Santos tamb\u00e9m est\u00e1 proibido de participar de debates em r\u00e1dio, televis\u00e3o, podcasts ou quaisquer outros meios de comunica\u00e7\u00e3o.<\/p>\n<\/div>\n<div class=\"css-1k9op6x e17x9cvu0\" dir=\"ltr\">\n<p class=\"css-s4cjt0 eea635z0\" dir=\"ltr\">A decis\u00e3o tem car\u00e1ter imediato e n\u00e3o tem prazo para terminar. O registro da candidatura n\u00e3o foi suspenso.<\/p>\n<\/div>\n<div class=\"css-1k9op6x e17x9cvu0\" dir=\"ltr\">\n<p class=\"css-s4cjt0 eea635z0\" dir=\"ltr\">O candidato convocou uma entrevista coletiva para \u00e0s 17h em S\u00e3o Paulo. Antes disso, enviou um v\u00eddeo pelo WhatsApp da campanha, dizendo que vai tentar derrubar a decis\u00e3o &#8220;injusta e ilegal&#8221; e &#8220;persecut\u00f3ria&#8221;.<\/p>\n<\/div>\n<div class=\"css-1k9op6x e17x9cvu0\" dir=\"ltr\">\n<p class=\"css-s4cjt0 eea635z0\" dir=\"ltr\">Ele chama a demora na informa\u00e7\u00e3o sobre os perfis nas redes sociais de &#8220;problema t\u00e9cnico&#8221;, e diz que &#8220;centenas de outros candidatos, qui\u00e7\u00e1 milhares, tamb\u00e9m tiveram durante o registro das candidaturas&#8221;.<\/p>\n<\/div>\n<div class=\"css-1k9op6x e17x9cvu0\" dir=\"ltr\">\n<p class=\"css-s4cjt0 eea635z0\" dir=\"ltr\">Segundo Renan, a decis\u00e3o ocorreu porque ele convocou quatro manifesta\u00e7\u00f5es contra Toffoli pelo suposto envolvimento do ministro no esc\u00e2ndalo do\u00a0<a class=\"focusIndicatorReducedWidth css-n8oauk e1h2ur550\" href=\"https:\/\/www.bbc.com\/portuguese\/topics\/c0le253yw7pt\">Banco Master.<\/a>\u00a0&#8220;Eu\u00a0<i class=\"css-6whwaq ezrtjzf0\">t\u00f4<\/i>\u00a0pagando o pre\u00e7o por ter defendido o que eu defendi&#8221;, disse Renan.<\/p>\n<\/div>\n<div class=\"css-1k9op6x e17x9cvu0\" dir=\"ltr\">\n<p class=\"css-s4cjt0 eea635z0\" dir=\"ltr\">Dias Toffoli sempre negou qualquer ilegalidade na sua rela\u00e7\u00e3o com o Master e seu dono, o banqueiro Daniel Vorcaro, preso acusado de cometer uma fraude bilion\u00e1ria.<\/p>\n<\/div>\n<div class=\"css-1k9op6x e17x9cvu0\" dir=\"ltr\">\n<h2 id=\"Omiss\u00e3o-das-informa\u00e7\u00f5es-devidas\" class=\"css-jtxtr9 emoh99e1\" tabindex=\"-1\">&#8216;Omiss\u00e3o das informa\u00e7\u00f5es devidas&#8217;<\/h2>\n<\/div>\n<div class=\"css-1k9op6x e17x9cvu0\" dir=\"ltr\">\n<p class=\"css-s4cjt0 eea635z0\" dir=\"ltr\">Na decis\u00e3o, o ministro argumentou que as campanhas s\u00e3o obrigadas a informar \u00e0 Justi\u00e7a Eleitoral os endere\u00e7os eletr\u00f4nicos dos blogs, redes sociais, s\u00edtios de mensagens instant\u00e2neas e aplicativos que ser\u00e3o utilizados no per\u00edodo eleitoral.<\/p>\n<\/div>\n<div class=\"css-1k9op6x e17x9cvu0\" dir=\"ltr\">\n<p class=\"css-s4cjt0 eea635z0\" dir=\"ltr\">Esses meios digitais s\u00f3 podem ser utilizados 48 horas ap\u00f3s o informe. O prazo evita o favorecimento indevido a candidaturas por sistemas de recomenda\u00e7\u00e3o, j\u00e1 que perfis de campanhas e de candidatos previamente informados \u00e0 Justi\u00e7a Eleitoral n\u00e3o podem ser recomendados nas redes sociais.<\/p>\n<\/div>\n<div class=\"css-1k9op6x e17x9cvu0\" dir=\"ltr\">\n<p class=\"css-s4cjt0 eea635z0\" dir=\"ltr\">&#8220;Enquanto a Justi\u00e7a Eleitoral n\u00e3o receber a informa\u00e7\u00e3o que deveria ocorrer impreterivelmente no momento do registro ou um dia ap\u00f3s a cria\u00e7\u00e3o de novos canais de propaganda digital, os perfis em redes sociais seguem pass\u00edveis de recomenda\u00e7\u00e3o pelas plataformas&#8221;, escreveu o ministro.<\/p>\n<\/div>\n<div class=\"css-1k9op6x e17x9cvu0\" dir=\"ltr\">\n<p class=\"css-s4cjt0 eea635z0\" dir=\"ltr\">Segundo Toffoli, a informa\u00e7\u00e3o dos canais de propaganda oficiais nos meios digitais &#8220;assegura a transpar\u00eancia e viabiliza a fiscaliza\u00e7\u00e3o da regularidade por parte da Justi\u00e7a Eleitoral, do Minist\u00e9rio P\u00fablico, dos advers\u00e1rios e por toda a sociedade.&#8221;<\/p>\n<\/div>\n<div class=\"css-1k9op6x e17x9cvu0\" dir=\"ltr\">\n<p class=\"css-s4cjt0 eea635z0\" dir=\"ltr\">A &#8220;omiss\u00e3o das informa\u00e7\u00f5es devidas&#8221;, afirma o ministro, &#8220;n\u00e3o \u00e9 apenas uma falha formal no registro de candidatura, mas quebra de isonomia e risco de cometimento de il\u00edcitos ainda mais graves. H\u00e1 que se ir al\u00e9m e dizer de forma contundente: a pr\u00f3pria omiss\u00e3o de dados \u00e9 ind\u00edcio de fraude \u00e0 lei.&#8221;<\/p>\n<\/div>\n<div class=\"css-1k9op6x e17x9cvu0\" dir=\"ltr\">\n<p class=\"css-s4cjt0 eea635z0\" dir=\"ltr\">A campanha do candidato do Miss\u00e3o deve se manifestar sobre as supostas viola\u00e7\u00f5es indicadas por Toffoli, sob pena de indeferimento do registro da candidatura.<\/p>\n<\/div>\n<div class=\"css-1k9op6x e17x9cvu0\" dir=\"ltr\">\n<p class=\"css-s4cjt0 eea635z0\" dir=\"ltr\">O ministro determinou tamb\u00e9m que Renan informe, no prazo de 24 horas, a data de cria\u00e7\u00e3o de cada perfil utilizado para propaganda eleitoral e reporte a exist\u00eancia de quaisquer outros endere\u00e7os eletr\u00f4nicos de s\u00edtio, blog, rede social, usu\u00e1rio ou grupo de mensagens instant\u00e2neas e aplicativos.<\/p>\n<\/div>\n<figure class=\"css-1qn0xuy\">\n<div class=\"css-1jir9cx\"><img loading=\"lazy\" class=\"css-1seqhu9\" src=\"https:\/\/ichef.bbci.co.uk\/ace\/ws\/640\/cpsprodpb\/2bc0\/live\/ff88a9f0-a571-11f1-97c9-d368232aa66d.jpg.webp\" sizes=\"(min-width: 1008px) 760px, 100vw\" srcset=\"https:\/\/ichef.bbci.co.uk\/ace\/ws\/240\/cpsprodpb\/2bc0\/live\/ff88a9f0-a571-11f1-97c9-d368232aa66d.jpg.webp 240w, https:\/\/ichef.bbci.co.uk\/ace\/ws\/320\/cpsprodpb\/2bc0\/live\/ff88a9f0-a571-11f1-97c9-d368232aa66d.jpg.webp 320w, https:\/\/ichef.bbci.co.uk\/ace\/ws\/480\/cpsprodpb\/2bc0\/live\/ff88a9f0-a571-11f1-97c9-d368232aa66d.jpg.webp 480w, https:\/\/ichef.bbci.co.uk\/ace\/ws\/624\/cpsprodpb\/2bc0\/live\/ff88a9f0-a571-11f1-97c9-d368232aa66d.jpg.webp 624w, https:\/\/ichef.bbci.co.uk\/ace\/ws\/800\/cpsprodpb\/2bc0\/live\/ff88a9f0-a571-11f1-97c9-d368232aa66d.jpg.webp 800w\" alt=\"Renan Santos.\" width=\"697\" height=\"391\" \/><\/p>\n<p class=\"css-by8ykd\" role=\"text\"><span class=\"css-5ku87v\">Cr\u00e9dito,<\/span><span lang=\"en-GB\">Andrpe Borges\/EPA\/Shutterstock<\/span><\/p>\n<\/div><figcaption class=\"css-15f1ujd\" dir=\"ltr\"><span role=\"text\"><span class=\"css-5ku87v\">Legenda da foto,<\/span><span data-testid=\"caption-paragraph\">Candidatura de Renan n\u00e3o est\u00e1 suspensa, mas ele n\u00e3o pode mais usar redes sociais e nenhuma plataforma online<\/span><\/span><\/figcaption><\/figure>\n<div class=\"css-1k9op6x e17x9cvu0\" dir=\"ltr\">\n<h2 id=\"Decis\u00e3o-indefens\u00e1vel\" class=\"css-jtxtr9 emoh99e1\" tabindex=\"-1\">&#8216;Decis\u00e3o indefens\u00e1vel&#8217;<\/h2>\n<\/div>\n<div class=\"css-1k9op6x e17x9cvu0\" dir=\"ltr\">\n<p class=\"css-s4cjt0 eea635z0\" dir=\"ltr\">O advogado Guilherme Barcelos, fundador da Academia Brasileira de Direito Eleitoral e Pol\u00edtico (ABRADEP), disse \u00e0 BBC News Brasil que a decis\u00e3o de Toffoli \u00e9 &#8220;abusiva&#8221; e &#8220;sem precedentes&#8221;.<\/p>\n<\/div>\n<div class=\"css-1k9op6x e17x9cvu0\" dir=\"ltr\">\n<p class=\"css-s4cjt0 eea635z0\" dir=\"ltr\">Segundo ele, se o ministro viu uma poss\u00edvel fraude, como diz na decis\u00e3o, precisava comunicar o Minist\u00e9rio P\u00fablico Eleitoral para que fosse avaliada a abertura de uma a\u00e7\u00e3o para verificar suposto il\u00edcito eleitoral. No entanto, Tofolli suspendeu a campanha em decis\u00e3o de of\u00edcio.<\/p>\n<\/div>\n<div class=\"css-1k9op6x e17x9cvu0\" dir=\"ltr\">\n<p class=\"css-s4cjt0 eea635z0\" dir=\"ltr\">Barcelos nota que o candidato Renan Santos informou os perfis de sua campanha e depois retificou essa informa\u00e7\u00e3o, indicando mais contas.<\/p>\n<\/div>\n<div class=\"css-1k9op6x e17x9cvu0\" dir=\"ltr\">\n<p class=\"css-s4cjt0 eea635z0\" dir=\"ltr\">&#8220;Ap\u00f3s a formaliza\u00e7\u00e3o do pedido de registro, ele retificou o registro, incluindo novas redes e, segundo a pr\u00f3pria decis\u00e3o do ministro Dias Toffoli, apenas uma teria ficado de fora. Isto n\u00e3o seria, nem de longe, hip\u00f3tese de indeferimento de registro&#8221;, disse \u00e0 reportagem.<\/p>\n<\/div>\n<div class=\"css-1k9op6x e17x9cvu0\" dir=\"ltr\">\n<p class=\"css-s4cjt0 eea635z0\" dir=\"ltr\">&#8220;O que ele poderia fazer, na pior das hip\u00f3teses, \u00e9 sustar esse perfil em sede de poder de pol\u00edcia. E determinar a remessa \u00e0 PGE [Procuradoria-Geral Eleitoral] para aferi\u00e7\u00e3o de eventual pr\u00e1tica de propaganda eleitoral irregular e, al\u00e9m disso, eventual fraude. Essa decis\u00e3o \u00e9 indefens\u00e1vel. Al\u00e9m de ter sido extremamente arbitr\u00e1ria, sum\u00e1ria, de of\u00edcio&#8221;.<\/p>\n<\/div>\n<div class=\"css-1k9op6x e17x9cvu0\" dir=\"ltr\">\n<p class=\"css-s4cjt0 eea635z0\" dir=\"ltr\">A professora de direito da Universidade do Estado do Rio de Janeiro (UERJ) e advogada na \u00e1rea eleitoral Vania Aieta tamb\u00e9m v\u00ea poss\u00edvel excesso na decis\u00e3o.<\/p>\n<\/div>\n<div class=\"css-1k9op6x e17x9cvu0\" dir=\"ltr\">\n<p class=\"css-s4cjt0 eea635z0\" dir=\"ltr\">&#8220;\u00c9 exig\u00edvel no registro da candidatura que o candidato obrigatoriamente informe as redes sociais. Se n\u00e3o o fizer, as p\u00e1ginas est\u00e3o ilegais. Deveria suspender t\u00e3o somente as p\u00e1ginas [ilegais]. Se [Toffoli] avan\u00e7ou, houve excesso&#8221;, disse \u00e0 BBC News Brasil.<\/p>\n<\/div>\n","protected":false},"excerpt":{"rendered":"<p>O ministro do Tribunal Superior Eleitoral (TSE) Jos\u00e9 Antonio Dias Toffoli suspendeu a campanha de\u00a0Renan Santos (Miss\u00e3o)\u00a0\u00e0 Presid\u00eancia da Rep\u00fablica. Segundo a decis\u00e3o de domingo (30\/8) e que se tornou p\u00fablica nesta segunda-feira, a campanha de Renan praticou irregularidades nas redes sociais e &#8220;violou frontalmente&#8221; as regras do TSE. Dias Toffoli afirma que a campanha [&hellip;]<\/p>\n","protected":false},"author":3,"featured_media":24027,"comment_status":"closed","ping_status":"closed","sticky":false,"template":"","format":"standard","meta":{"_links_to":"","_links_to_target":""},"categories":[1],"tags":[],"_links":{"self":[{"href":"https:\/\/www.correiodascidades.com.br\/v1\/wp-json\/wp\/v2\/posts\/24025"}],"collection":[{"href":"https:\/\/www.correiodascidades.com.br\/v1\/wp-json\/wp\/v2\/posts"}],"about":[{"href":"https:\/\/www.correiodascidades.com.br\/v1\/wp-json\/wp\/v2\/types\/post"}],"author":[{"embeddable":true,"href":"https:\/\/www.correiodascidades.com.br\/v1\/wp-json\/wp\/v2\/users\/3"}],"replies":[{"embeddable":true,"href":"https:\/\/www.correiodascidades.com.br\/v1\/wp-json\/wp\/v2\/comments?post=24025"}],"version-history":[{"count":1,"href":"https:\/\/www.correiodascidades.com.br\/v1\/wp-json\/wp\/v2\/posts\/24025\/revisions"}],"predecessor-version":[{"id":24028,"href":"https:\/\/www.correiodascidades.com.br\/v1\/wp-json\/wp\/v2\/posts\/24025\/revisions\/24028"}],"wp:featuredmedia":[{"embeddable":true,"href":"https:\/\/www.correiodascidades.com.br\/v1\/wp-json\/wp\/v2\/media\/24027"}],"wp:attachment":[{"href":"https:\/\/www.correiodascidades.com.br\/v1\/wp-json\/wp\/v2\/media?parent=24025"}],"wp:term":[{"taxonomy":"category","embeddable":true,"href":"https:\/\/www.correiodascidades.com.br\/v1\/wp-json\/wp\/v2\/categories?post=24025"},{"taxonomy":"post_tag","embeddable":true,"href":"https:\/\/www.correiodascidades.com.br\/v1\/wp-json\/wp\/v2\/tags?post=24025"}],"curies":[{"name":"wp","href":"https:\/\/api.w.org\/{rel}","templated":true}]}}