{"id":24029,"date":"2026-08-31T18:35:23","date_gmt":"2026-08-31T21:35:23","guid":{"rendered":"https:\/\/www.correiodascidades.com.br\/v1\/?p=24029"},"modified":"2026-08-31T18:35:23","modified_gmt":"2026-08-31T21:35:23","slug":"trabalhadores-da-olam-ofi-aprovam-proposta-de-fechamento-do-act","status":"publish","type":"post","link":"https:\/\/www.correiodascidades.com.br\/v1\/2026\/08\/31\/trabalhadores-da-olam-ofi-aprovam-proposta-de-fechamento-do-act\/","title":{"rendered":"TRABALHADORES DA OLAM OFI APROVAM PROPOSTA DE FECHAMENTO DO ACT\u00a0"},"content":{"rendered":"<div class=\"post-header-inner\">\n<div class=\"post-header-title\">\n<h1><img loading=\"lazy\" class=\"\" src=\"https:\/\/www.correiodascidades.com.br\/v1\/wp-content\/uploads\/2026\/08\/IMG-20260831-WA0082-750x430-1.jpg\" width=\"476\" height=\"273\" \/><\/h1>\n<h1 class=\"single-post-title\"><span style=\"font-size: 16px;\">Nos dias 28 e 29 de agosto de 2026, o SINDICACAU \u2013 Sindicato dos Trabalhadores na Ind\u00fastria da Alimenta\u00e7\u00e3o de Ilh\u00e9us, Itabuna e Uru\u00e7uca realizou assembleias com os trabalhadores da Olam Ofi para aprecia\u00e7\u00e3o e vota\u00e7\u00e3o da proposta de fechamento do Acordo Coletivo de Trabalho (ACT) 2026\/2027.\u00a0\u00a0<\/span><\/h1>\n<\/div>\n<\/div>\n<div class=\"entry-content clearfix single-post-content\">\n<p>A assembleia foi conduzida pelo presidente do SINDICACAU, Ulisses Abade, que dialogou com os trabalhadores sobre todo o processo de negocia\u00e7\u00e3o realizado com a empresa, destacando as dificuldades encontradas durante as tratativas e os avan\u00e7os conquistados por meio da mobiliza\u00e7\u00e3o e da luta .<\/p>\n<p>&nbsp;<\/p>\n<\/div>\n<p><!--more--><\/p>\n<p>Ap\u00f3s a apresenta\u00e7\u00e3o e os esclarecimentos sobre a proposta negociada, foi aberta a vota\u00e7\u00e3o, que apresentou o seguinte resultado:<\/p>\n<p><strong>PROPOSTA DE FECHAMENTO DO ACT APROVADA<\/strong><\/p>\n<p>129 votos a favor<br \/>\n15 votos contra<br \/>\nTotal: 144 trabalhadores(as) votantes<\/p>\n<p><strong>Principais avan\u00e7os conquistados<\/strong><br \/>\n5% de reajuste no piso salarial;<br \/>\n5% de reajuste salarial;<br \/>\n6% de reajuste no ticket alimenta\u00e7\u00e3o.<\/p>\n<p>Os reajustes representam avan\u00e7os importantes para os trabalhadores, considerando uma infla\u00e7\u00e3o de 4,42% no per\u00edodo, garantindo ganho real acima da infla\u00e7\u00e3o.<br \/>\nO SINDICACAU destaca que os resultados s\u00e3o fruto da luta nas negocia\u00e7\u00f5es e da uni\u00e3o dos trabalhadores.<br \/>\nSindicacau Sempre na Luta em Defesa dos Direitos dos Trabalhadores e Trabalhadoras<\/p>\n","protected":false},"excerpt":{"rendered":"<p>Nos dias 28 e 29 de agosto de 2026, o SINDICACAU \u2013 Sindicato dos Trabalhadores na Ind\u00fastria da Alimenta\u00e7\u00e3o de Ilh\u00e9us, Itabuna e Uru\u00e7uca realizou assembleias com os trabalhadores da Olam Ofi para aprecia\u00e7\u00e3o e vota\u00e7\u00e3o da proposta de fechamento do Acordo Coletivo de Trabalho (ACT) 2026\/2027.\u00a0\u00a0 A assembleia foi conduzida pelo presidente do SINDICACAU, [&hellip;]<\/p>\n","protected":false},"author":3,"featured_media":24030,"comment_status":"closed","ping_status":"closed","sticky":false,"template":"","format":"standard","meta":{"_links_to":"","_links_to_target":""},"categories":[1],"tags":[],"_links":{"self":[{"href":"https:\/\/www.correiodascidades.com.br\/v1\/wp-json\/wp\/v2\/posts\/24029"}],"collection":[{"href":"https:\/\/www.correiodascidades.com.br\/v1\/wp-json\/wp\/v2\/posts"}],"about":[{"href":"https:\/\/www.correiodascidades.com.br\/v1\/wp-json\/wp\/v2\/types\/post"}],"author":[{"embeddable":true,"href":"https:\/\/www.correiodascidades.com.br\/v1\/wp-json\/wp\/v2\/users\/3"}],"replies":[{"embeddable":true,"href":"https:\/\/www.correiodascidades.com.br\/v1\/wp-json\/wp\/v2\/comments?post=24029"}],"version-history":[{"count":1,"href":"https:\/\/www.correiodascidades.com.br\/v1\/wp-json\/wp\/v2\/posts\/24029\/revisions"}],"predecessor-version":[{"id":24033,"href":"https:\/\/www.correiodascidades.com.br\/v1\/wp-json\/wp\/v2\/posts\/24029\/revisions\/24033"}],"wp:featuredmedia":[{"embeddable":true,"href":"https:\/\/www.correiodascidades.com.br\/v1\/wp-json\/wp\/v2\/media\/24030"}],"wp:attachment":[{"href":"https:\/\/www.correiodascidades.com.br\/v1\/wp-json\/wp\/v2\/media?parent=24029"}],"wp:term":[{"taxonomy":"category","embeddable":true,"href":"https:\/\/www.correiodascidades.com.br\/v1\/wp-json\/wp\/v2\/categories?post=24029"},{"taxonomy":"post_tag","embeddable":true,"href":"https:\/\/www.correiodascidades.com.br\/v1\/wp-json\/wp\/v2\/tags?post=24029"}],"curies":[{"name":"wp","href":"https:\/\/api.w.org\/{rel}","templated":true}]}}