{"id":24035,"date":"2026-09-01T07:54:55","date_gmt":"2026-09-01T10:54:55","guid":{"rendered":"https:\/\/www.correiodascidades.com.br\/v1\/?p=24035"},"modified":"2026-09-01T07:54:55","modified_gmt":"2026-09-01T10:54:55","slug":"orcamento-de-2027-preve-salario-minimo-de-r1-741","status":"publish","type":"post","link":"https:\/\/www.correiodascidades.com.br\/v1\/2026\/09\/01\/orcamento-de-2027-preve-salario-minimo-de-r1-741\/","title":{"rendered":"Or\u00e7amento de 2027 prev\u00ea sal\u00e1rio m\u00ednimo de R$1.741"},"content":{"rendered":"<div class=\"entry-header\">\n<h1><img src=\"https:\/\/www.correiodascidades.com.br\/v1\/wp-content\/uploads\/2026\/09\/dinheiro.jpg\" \/><\/h1>\n<h1 class=\"jeg_post_title\"><strong style=\"font-size: 16px;\">Valor \u00e9 R$ 24 maior que o proposto na LDO (Foto: Rafa Neddermeyer\/Ag\u00eancia Brasil)<\/strong><\/h1>\n<\/div>\n<div class=\"entry-content with-share\">\n<div class=\"content-inner \">\n<p><span class=\"dropcap shadow\">A<\/span> nova regra de corre\u00e7\u00e3o fez o governo elevar a previs\u00e3o para o sal\u00e1rio m\u00ednimo no pr\u00f3ximo ano. O projeto da Lei Or\u00e7ament\u00e1ria de 2027, enviado na noite desta segunda-feira (31) ao Congresso, prev\u00ea m\u00ednimo de R$1.741, R$ 24 mais alto que o valor de R$1.717 proposto na Lei de Diretrizes Or\u00e7ament\u00e1rias (LDO).<\/p>\n<\/div>\n<\/div>\n<p><!--more--><\/p>\n<p>Adiantado na semana passada pelo ministro da Fazenda, Dario Durigan, o valor representa aumento nominal de 7,4% em rela\u00e7\u00e3o ao sal\u00e1rio m\u00ednimo de R$ 1.621 que est\u00e1 em vigor.<\/p>\n<p>A alta obedece \u00e0 regra aprovada no fim do ano passado, que limita o crescimento do sal\u00e1rio m\u00ednimo a 2,5% acima da infla\u00e7\u00e3o do ano anterior.<\/p>\n<p>O valor final do sal\u00e1rio m\u00ednimo em 2027 pode ficar ainda maior, caso o \u00cdndice Nacional de Pre\u00e7os ao Consumidor (INPC) suba mais que o esperado at\u00e9 novembro. O indicador \u00e9 uma das medidas de infla\u00e7\u00e3o calculadas pelo Instituto Brasileiro de Geografia e Estat\u00edstica.<\/p>\n<p>Com base na infla\u00e7\u00e3o acumulada entre dezembro de 2025 e novembro de 2026, o governo enviar\u00e1 uma mensagem modificativa ao Congresso no in\u00edcio de dezembro.<\/p>\n","protected":false},"excerpt":{"rendered":"<p>Valor \u00e9 R$ 24 maior que o proposto na LDO (Foto: Rafa Neddermeyer\/Ag\u00eancia Brasil) A nova regra de corre\u00e7\u00e3o fez o governo elevar a previs\u00e3o para o sal\u00e1rio m\u00ednimo no pr\u00f3ximo ano. O projeto da Lei Or\u00e7ament\u00e1ria de 2027, enviado na noite desta segunda-feira (31) ao Congresso, prev\u00ea m\u00ednimo de R$1.741, R$ 24 mais alto [&hellip;]<\/p>\n","protected":false},"author":3,"featured_media":24036,"comment_status":"closed","ping_status":"closed","sticky":false,"template":"","format":"standard","meta":{"_links_to":"","_links_to_target":""},"categories":[1],"tags":[],"_links":{"self":[{"href":"https:\/\/www.correiodascidades.com.br\/v1\/wp-json\/wp\/v2\/posts\/24035"}],"collection":[{"href":"https:\/\/www.correiodascidades.com.br\/v1\/wp-json\/wp\/v2\/posts"}],"about":[{"href":"https:\/\/www.correiodascidades.com.br\/v1\/wp-json\/wp\/v2\/types\/post"}],"author":[{"embeddable":true,"href":"https:\/\/www.correiodascidades.com.br\/v1\/wp-json\/wp\/v2\/users\/3"}],"replies":[{"embeddable":true,"href":"https:\/\/www.correiodascidades.com.br\/v1\/wp-json\/wp\/v2\/comments?post=24035"}],"version-history":[{"count":1,"href":"https:\/\/www.correiodascidades.com.br\/v1\/wp-json\/wp\/v2\/posts\/24035\/revisions"}],"predecessor-version":[{"id":24037,"href":"https:\/\/www.correiodascidades.com.br\/v1\/wp-json\/wp\/v2\/posts\/24035\/revisions\/24037"}],"wp:featuredmedia":[{"embeddable":true,"href":"https:\/\/www.correiodascidades.com.br\/v1\/wp-json\/wp\/v2\/media\/24036"}],"wp:attachment":[{"href":"https:\/\/www.correiodascidades.com.br\/v1\/wp-json\/wp\/v2\/media?parent=24035"}],"wp:term":[{"taxonomy":"category","embeddable":true,"href":"https:\/\/www.correiodascidades.com.br\/v1\/wp-json\/wp\/v2\/categories?post=24035"},{"taxonomy":"post_tag","embeddable":true,"href":"https:\/\/www.correiodascidades.com.br\/v1\/wp-json\/wp\/v2\/tags?post=24035"}],"curies":[{"name":"wp","href":"https:\/\/api.w.org\/{rel}","templated":true}]}}