{"id":24041,"date":"2026-09-01T08:06:24","date_gmt":"2026-09-01T11:06:24","guid":{"rendered":"https:\/\/www.correiodascidades.com.br\/v1\/?p=24041"},"modified":"2026-09-01T08:06:24","modified_gmt":"2026-09-01T11:06:24","slug":"investigacao-sobre-morte-de-advogado-em-xique-xique-aponta-moto-escondida-em-buraco-e-ligacao-misteriosa-antes-do-sumico","status":"publish","type":"post","link":"https:\/\/www.correiodascidades.com.br\/v1\/2026\/09\/01\/investigacao-sobre-morte-de-advogado-em-xique-xique-aponta-moto-escondida-em-buraco-e-ligacao-misteriosa-antes-do-sumico\/","title":{"rendered":"Investiga\u00e7\u00e3o sobre morte de advogado em Xique-Xique aponta moto escondida em buraco e liga\u00e7\u00e3o misteriosa antes do sumi\u00e7o"},"content":{"rendered":"<p>&nbsp;<\/p>\n<div id=\"post-body-4629921222746020719\" class=\"post-body entry-content\">\n<div class=\"separator\"><a href=\"https:\/\/blogger.googleusercontent.com\/img\/b\/R29vZ2xl\/AVvXsEi5KKpDiGNMRB89WB-eGCVGkeUFYhyphenhypheneHMunkhHI4qNwYOn6V7WO4YO40QWiD4z-jUnrKjMBVURyNC8XReS_sZLp16M9Ui-1O2zwrSAacgZqjDpfWw0Ca5021MafEC1fc74z4JNDu0YzH6z0jQwH__r9M-aGMavkYkWgiYIBGqahfSQSBFxNYX4OcWQF2N8\/s849\/image%20(1).png\" class=\"gallery_colorbox\"><img loading=\"lazy\" src=\"https:\/\/blogger.googleusercontent.com\/img\/b\/R29vZ2xl\/AVvXsEi5KKpDiGNMRB89WB-eGCVGkeUFYhyphenhypheneHMunkhHI4qNwYOn6V7WO4YO40QWiD4z-jUnrKjMBVURyNC8XReS_sZLp16M9Ui-1O2zwrSAacgZqjDpfWw0Ca5021MafEC1fc74z4JNDu0YzH6z0jQwH__r9M-aGMavkYkWgiYIBGqahfSQSBFxNYX4OcWQF2N8\/w586-h303\/image%20(1).png\"  width=\"586\" height=\"303\" border=\"0\" data-original-height=\"441\" data-original-width=\"849\" \/><\/a><\/div>\n<p>As circunst\u00e2ncias que cercam a morte do advogado Gabriel da Silva Alves, de 31 anos, cujo corpo foi localizado no \u00faltimo s\u00e1bado (29) na zona rural de Xique-Xique, seguem sob rigorosa investiga\u00e7\u00e3o da Pol\u00edcia Civil do Estado da Bahia. O profissional estava desaparecido desde o dia 22 de agosto, mobilizando familiares, amigos e for\u00e7as de seguran\u00e7a em uma ampla varredura por terra e \u00e1gua na regi\u00e3o Norte do estado. At\u00e9 o momento, a autoria e a motiva\u00e7\u00e3o do crime permanecem desconhecidas, e nenhum suspeito foi preso.<\/p>\n<\/div>\n<p><!--more--><\/p>\n<p>O advogado foi visto com vida pela \u00faltima vez ao deixar uma confraterniza\u00e7\u00e3o com amigos em um estabelecimento comercial no bairro BNH Velho, a bordo de sua motocicleta. Imagens de circuitos de seguran\u00e7a da \u00e1rea registraram a sa\u00edda do jovem. De acordo com relatos fornecidos pela fam\u00edlia \u00e0s autoridades, logo ap\u00f3s sair do local, Gabriel chegou a fazer uma liga\u00e7\u00e3o telef\u00f4nica para um amigo. O interlocutor informou que n\u00e3o conseguiu compreender o que o advogado dizia devido a intensas interfer\u00eancias na linha telef\u00f4nica, sendo esse o \u00faltimo registro de contato efetuado por ele.<\/p>\n<p>Diante do sumi\u00e7o, a fam\u00edlia deflagrou uma busca fren\u00e9tica por toda a regi\u00e3o, percorrendo \u00e1reas de vegeta\u00e7\u00e3o de caatinga a p\u00e9, de bicicleta e de moto, al\u00e9m de utilizar embarca\u00e7\u00f5es para checar comunidades ribeirinhas ao longo do rio. Os parentes chegaram a oferecer uma recompensa no valor de R$ 5 mil por informa\u00e7\u00f5es concretas que levassem ao paradeiro de Gabriel. As opera\u00e7\u00f5es de busca ganharam um direcionamento decisivo no dia 27 de agosto, cinco dias ap\u00f3s o desaparecimento, quando a motocicleta da v\u00edtima foi encontrada intencionalmente ocultada dentro de um buraco em meio \u00e0 vegeta\u00e7\u00e3o nativa na zona rural. Nas proximidades do ve\u00edculo, os volunt\u00e1rios e policiais tamb\u00e9m localizaram os \u00f3culos e um par de cal\u00e7ados do advogado.<\/p>\n<p>O corpo de Gabriel foi removido pelo Departamento de Pol\u00edcia T\u00e9cnica (DPT) e encaminhado para exames periciais no Instituto M\u00e9dico Legal (IML), que dever\u00e3o determinar a causa exata do \u00f3bito e fornecer pistas cruciais para o inqu\u00e9rito policial. A Pol\u00edcia Civil mant\u00e9m as dilig\u00eancias em andamento para reconstituir os \u00faltimos passos do advogado e identificar os respons\u00e1veis pelo homic\u00eddio.<\/p>\n","protected":false},"excerpt":{"rendered":"<p>&nbsp; As circunst\u00e2ncias que cercam a morte do advogado Gabriel da Silva Alves, de 31 anos, cujo corpo foi localizado no \u00faltimo s\u00e1bado (29) na zona rural de Xique-Xique, seguem sob rigorosa investiga\u00e7\u00e3o da Pol\u00edcia Civil do Estado da Bahia. O profissional estava desaparecido desde o dia 22 de agosto, mobilizando familiares, amigos e for\u00e7as [&hellip;]<\/p>\n","protected":false},"author":3,"featured_media":24042,"comment_status":"closed","ping_status":"closed","sticky":false,"template":"","format":"standard","meta":{"_links_to":"","_links_to_target":""},"categories":[1],"tags":[],"_links":{"self":[{"href":"https:\/\/www.correiodascidades.com.br\/v1\/wp-json\/wp\/v2\/posts\/24041"}],"collection":[{"href":"https:\/\/www.correiodascidades.com.br\/v1\/wp-json\/wp\/v2\/posts"}],"about":[{"href":"https:\/\/www.correiodascidades.com.br\/v1\/wp-json\/wp\/v2\/types\/post"}],"author":[{"embeddable":true,"href":"https:\/\/www.correiodascidades.com.br\/v1\/wp-json\/wp\/v2\/users\/3"}],"replies":[{"embeddable":true,"href":"https:\/\/www.correiodascidades.com.br\/v1\/wp-json\/wp\/v2\/comments?post=24041"}],"version-history":[{"count":1,"href":"https:\/\/www.correiodascidades.com.br\/v1\/wp-json\/wp\/v2\/posts\/24041\/revisions"}],"predecessor-version":[{"id":24043,"href":"https:\/\/www.correiodascidades.com.br\/v1\/wp-json\/wp\/v2\/posts\/24041\/revisions\/24043"}],"wp:featuredmedia":[{"embeddable":true,"href":"https:\/\/www.correiodascidades.com.br\/v1\/wp-json\/wp\/v2\/media\/24042"}],"wp:attachment":[{"href":"https:\/\/www.correiodascidades.com.br\/v1\/wp-json\/wp\/v2\/media?parent=24041"}],"wp:term":[{"taxonomy":"category","embeddable":true,"href":"https:\/\/www.correiodascidades.com.br\/v1\/wp-json\/wp\/v2\/categories?post=24041"},{"taxonomy":"post_tag","embeddable":true,"href":"https:\/\/www.correiodascidades.com.br\/v1\/wp-json\/wp\/v2\/tags?post=24041"}],"curies":[{"name":"wp","href":"https:\/\/api.w.org\/{rel}","templated":true}]}}