{"id":24047,"date":"2026-09-01T22:38:15","date_gmt":"2026-09-02T01:38:15","guid":{"rendered":"https:\/\/www.correiodascidades.com.br\/v1\/?p=24047"},"modified":"2026-09-01T22:38:15","modified_gmt":"2026-09-02T01:38:15","slug":"marao-defende-politicas-publicas-para-uma-bahia-amiga-da-pessoa-idosa","status":"publish","type":"post","link":"https:\/\/www.correiodascidades.com.br\/v1\/2026\/09\/01\/marao-defende-politicas-publicas-para-uma-bahia-amiga-da-pessoa-idosa\/","title":{"rendered":"Mar\u00e3o defende pol\u00edticas p\u00fablicas para uma Bahia Amiga da Pessoa Idosa"},"content":{"rendered":"<header class=\"entry-header\">\n<h1 class=\"entry-title\"><\/h1>\n<\/header>\n<div class=\"entry-content\">\n<p><img loading=\"lazy\" class=\"aligncenter  wp-image-114493\" src=\"https:\/\/fabiorobertonoticias.com.br\/wp-content\/uploads\/2026\/09\/IMG-20260901-WA0755.jpg\" sizes=\"(max-width: 1000px) 100vw, 1000px\" srcset=\"https:\/\/fabiorobertonoticias.com.br\/wp-content\/uploads\/2026\/09\/IMG-20260901-WA0755.jpg 1000w, https:\/\/fabiorobertonoticias.com.br\/wp-content\/uploads\/2026\/09\/IMG-20260901-WA0755-300x200.jpg 300w, https:\/\/fabiorobertonoticias.com.br\/wp-content\/uploads\/2026\/09\/IMG-20260901-WA0755-768x512.jpg 768w\" alt=\"\" width=\"487\" height=\"325\" \/><\/p>\n<p>O candidato a deputado estadual Mar\u00e3o participou, nesta segunda-feira (31), de um encontro no Abrigo S\u00e3o Vicente, em Ilh\u00e9us, marcado pela escuta, pelo di\u00e1logo e pela valoriza\u00e7\u00e3o da pessoa idosa.<\/p>\n<p>Durante a visita, Mar\u00e3o refor\u00e7ou seu compromisso com a defesa de pol\u00edticas p\u00fablicas voltadas \u00e0 terceira idade e apresentou a proposta de constru\u00e7\u00e3o de uma Bahia Amiga da Pessoa Idosa, com mais aten\u00e7\u00e3o \u00e0 sa\u00fade, \u00e0 autonomia, \u00e0 dignidade e ao respeito.<\/p>\n<p>Para o candidato, envelhecer com qualidade de vida deve ser reconhecido como um direito. A iniciativa tamb\u00e9m prev\u00ea o fortalecimento dos munic\u00edpios e das institui\u00e7\u00f5es que desempenham um papel fundamental no acolhimento e na prote\u00e7\u00e3o dos idosos.<\/p>\n<\/div>\n<p><!--more--><\/p>\n<p>O encontro evidenciou a import\u00e2ncia de olhar para a popula\u00e7\u00e3o idosa n\u00e3o apenas sob a perspectiva da assist\u00eancia, mas tamb\u00e9m do reconhecimento de suas hist\u00f3rias e de sua contribui\u00e7\u00e3o para a constru\u00e7\u00e3o da sociedade.<\/p>\n<p>\u201cQuem cuidou de tantas fam\u00edlias, ajudou a construir nossas comunidades e deixou sua marca na hist\u00f3ria merece envelhecer com respeito e dignidade\u201d, destacou Mar\u00e3o.<\/p>\n<p>Segundo o candidato, o compromisso \u00e9 transformar essa aten\u00e7\u00e3o em a\u00e7\u00f5es permanentes e levar o debate sobre os direitos da pessoa idosa para todas as regi\u00f5es da Bahia.<\/p>\n<p>\u201cQuem cuidou da gente merece ser cuidado. E envelhecer com dignidade \u00e9 um direito.\u201d<\/p>\n","protected":false},"excerpt":{"rendered":"<p>O candidato a deputado estadual Mar\u00e3o participou, nesta segunda-feira (31), de um encontro no Abrigo S\u00e3o Vicente, em Ilh\u00e9us, marcado pela escuta, pelo di\u00e1logo e pela valoriza\u00e7\u00e3o da pessoa idosa. Durante a visita, Mar\u00e3o refor\u00e7ou seu compromisso com a defesa de pol\u00edticas p\u00fablicas voltadas \u00e0 terceira idade e apresentou a proposta de constru\u00e7\u00e3o de uma [&hellip;]<\/p>\n","protected":false},"author":3,"featured_media":24048,"comment_status":"closed","ping_status":"closed","sticky":false,"template":"","format":"standard","meta":{"_links_to":"","_links_to_target":""},"categories":[1],"tags":[],"_links":{"self":[{"href":"https:\/\/www.correiodascidades.com.br\/v1\/wp-json\/wp\/v2\/posts\/24047"}],"collection":[{"href":"https:\/\/www.correiodascidades.com.br\/v1\/wp-json\/wp\/v2\/posts"}],"about":[{"href":"https:\/\/www.correiodascidades.com.br\/v1\/wp-json\/wp\/v2\/types\/post"}],"author":[{"embeddable":true,"href":"https:\/\/www.correiodascidades.com.br\/v1\/wp-json\/wp\/v2\/users\/3"}],"replies":[{"embeddable":true,"href":"https:\/\/www.correiodascidades.com.br\/v1\/wp-json\/wp\/v2\/comments?post=24047"}],"version-history":[{"count":1,"href":"https:\/\/www.correiodascidades.com.br\/v1\/wp-json\/wp\/v2\/posts\/24047\/revisions"}],"predecessor-version":[{"id":24049,"href":"https:\/\/www.correiodascidades.com.br\/v1\/wp-json\/wp\/v2\/posts\/24047\/revisions\/24049"}],"wp:featuredmedia":[{"embeddable":true,"href":"https:\/\/www.correiodascidades.com.br\/v1\/wp-json\/wp\/v2\/media\/24048"}],"wp:attachment":[{"href":"https:\/\/www.correiodascidades.com.br\/v1\/wp-json\/wp\/v2\/media?parent=24047"}],"wp:term":[{"taxonomy":"category","embeddable":true,"href":"https:\/\/www.correiodascidades.com.br\/v1\/wp-json\/wp\/v2\/categories?post=24047"},{"taxonomy":"post_tag","embeddable":true,"href":"https:\/\/www.correiodascidades.com.br\/v1\/wp-json\/wp\/v2\/tags?post=24047"}],"curies":[{"name":"wp","href":"https:\/\/api.w.org\/{rel}","templated":true}]}}