{"id":24051,"date":"2026-09-02T07:48:51","date_gmt":"2026-09-02T10:48:51","guid":{"rendered":"https:\/\/www.correiodascidades.com.br\/v1\/?p=24051"},"modified":"2026-09-02T07:48:51","modified_gmt":"2026-09-02T10:48:51","slug":"pgr-pede-anulacao-de-investigacao-sobre-conversas-de-moraes-e-vorcaro","status":"publish","type":"post","link":"https:\/\/www.correiodascidades.com.br\/v1\/2026\/09\/02\/pgr-pede-anulacao-de-investigacao-sobre-conversas-de-moraes-e-vorcaro\/","title":{"rendered":"PGR pede anula\u00e7\u00e3o de investiga\u00e7\u00e3o sobre conversas de Moraes e Vorcaro"},"content":{"rendered":"<div class=\"entry-header\">\n<h1><img src=\"https:\/\/www.correiodascidades.com.br\/v1\/wp-content\/uploads\/2026\/09\/Paulo-Gonet.jpg\" \/><\/h1>\n<h1 class=\"jeg_post_title\"><strong style=\"font-size: 16px;\">Gonet diz que Andr\u00e9 Mendon\u00e7a investigou Moraes ilegalmente (Foto: Rosinei Coutinho\/STF)<\/strong><\/h1>\n<\/div>\n<div class=\"entry-content with-share\">\n<div class=\"content-inner \">\n<p><span class=\"dropcap shadow\">O<\/span> procurador-geral da Rep\u00fablica, Paulo Gonet, defendeu na noite desta ter\u00e7a-feira (1\u00ba) a nulidade da investiga\u00e7\u00e3o da Pol\u00edcia Federal (PF) que encontrou as mensagens trocadas entre o ex-banqueiro Daniel Vorcaro e o ministro Alexandre de Moraes, do Supremo Tribunal Federal (STF)<\/p>\n<\/div>\n<\/div>\n<p><!--more--><\/p>\n<p>Na manifesta\u00e7\u00e3o enviada \u00e0 Corte, Gonet disse que o relator do caso, ministro Andr\u00e9 Mendon\u00e7a, investigou Moraes ilegalmente ao determinar o aprofundamento da investiga\u00e7\u00e3o sobre o caso Master para esmiu\u00e7ar as conversas envolvendo Moraes e o ex-banqueiro.<\/p>\n<p>No entendimento do procurador, o aprofundamento da apura\u00e7\u00e3o s\u00f3 poderia ocorrer ap\u00f3s autoriza\u00e7\u00e3o do plen\u00e1rio da Corte.<\/p>\n<p>No entendimento do procurador, eventual investiga\u00e7\u00e3o contra Moraes deveria ser direcionada o presidente da Corte, Edson Fachin, que levaria do caso ao plen\u00e1rio, e n\u00e3o diretamente para execu\u00e7\u00e3o da PF.<\/p>\n<p>\u201cA ordem dada \u00e0 autoridade policial para investigar pessoas espec\u00edficas, sem pedido do Minist\u00e9rio P\u00fablico e sem iniciativa da autoridade policial, \u00e9 nula, por exceder os limites de compet\u00eancia do magistrado na fase pr\u00e9-processual\u201d, afirmou Gonet.<\/p>\n<p>O parecer enviado ap\u00f3s Mendon\u00e7a pedir que a PGR se manifestasse sobre o relat\u00f3rio da PF que faz men\u00e7\u00f5es ao ministro Alexandre de Moraes e o pr\u00f3prio procurador-geral.<\/p>\n<p>As cita\u00e7\u00f5es aos nomes de Moraes e Gonet foram captadas pela PF a partir da quebra de sigilo do celular do ex-banqueiro Daniel Vorcaro, alvo das investiga\u00e7\u00f5es da Opera\u00e7\u00e3o Compliance Zero, que investiga fraudes financeiras no Banco Master. O sigilo do relat\u00f3rio de investiga\u00e7\u00e3o foi retirado nesta ter\u00e7a-feira (1\u00b0).<\/p>\n","protected":false},"excerpt":{"rendered":"<p>Gonet diz que Andr\u00e9 Mendon\u00e7a investigou Moraes ilegalmente (Foto: Rosinei Coutinho\/STF) O procurador-geral da Rep\u00fablica, Paulo Gonet, defendeu na noite desta ter\u00e7a-feira (1\u00ba) a nulidade da investiga\u00e7\u00e3o da Pol\u00edcia Federal (PF) que encontrou as mensagens trocadas entre o ex-banqueiro Daniel Vorcaro e o ministro Alexandre de Moraes, do Supremo Tribunal Federal (STF)<\/p>\n","protected":false},"author":3,"featured_media":24052,"comment_status":"closed","ping_status":"closed","sticky":false,"template":"","format":"standard","meta":{"_links_to":"","_links_to_target":""},"categories":[1],"tags":[],"_links":{"self":[{"href":"https:\/\/www.correiodascidades.com.br\/v1\/wp-json\/wp\/v2\/posts\/24051"}],"collection":[{"href":"https:\/\/www.correiodascidades.com.br\/v1\/wp-json\/wp\/v2\/posts"}],"about":[{"href":"https:\/\/www.correiodascidades.com.br\/v1\/wp-json\/wp\/v2\/types\/post"}],"author":[{"embeddable":true,"href":"https:\/\/www.correiodascidades.com.br\/v1\/wp-json\/wp\/v2\/users\/3"}],"replies":[{"embeddable":true,"href":"https:\/\/www.correiodascidades.com.br\/v1\/wp-json\/wp\/v2\/comments?post=24051"}],"version-history":[{"count":1,"href":"https:\/\/www.correiodascidades.com.br\/v1\/wp-json\/wp\/v2\/posts\/24051\/revisions"}],"predecessor-version":[{"id":24053,"href":"https:\/\/www.correiodascidades.com.br\/v1\/wp-json\/wp\/v2\/posts\/24051\/revisions\/24053"}],"wp:featuredmedia":[{"embeddable":true,"href":"https:\/\/www.correiodascidades.com.br\/v1\/wp-json\/wp\/v2\/media\/24052"}],"wp:attachment":[{"href":"https:\/\/www.correiodascidades.com.br\/v1\/wp-json\/wp\/v2\/media?parent=24051"}],"wp:term":[{"taxonomy":"category","embeddable":true,"href":"https:\/\/www.correiodascidades.com.br\/v1\/wp-json\/wp\/v2\/categories?post=24051"},{"taxonomy":"post_tag","embeddable":true,"href":"https:\/\/www.correiodascidades.com.br\/v1\/wp-json\/wp\/v2\/tags?post=24051"}],"curies":[{"name":"wp","href":"https:\/\/api.w.org\/{rel}","templated":true}]}}