{"id":24054,"date":"2026-09-02T07:55:22","date_gmt":"2026-09-02T10:55:22","guid":{"rendered":"https:\/\/www.correiodascidades.com.br\/v1\/?p=24054"},"modified":"2026-09-02T07:55:22","modified_gmt":"2026-09-02T10:55:22","slug":"defesa-civil-reconhece-situacao-de-emergencia-em-seis-cidades-do-sul","status":"publish","type":"post","link":"https:\/\/www.correiodascidades.com.br\/v1\/2026\/09\/02\/defesa-civil-reconhece-situacao-de-emergencia-em-seis-cidades-do-sul\/","title":{"rendered":"Defesa Civil reconhece situa\u00e7\u00e3o de emerg\u00eancia em seis cidades do Sul"},"content":{"rendered":"<div class=\"entry-header\">\n<h1><img src=\"https:\/\/www.correiodascidades.com.br\/v1\/wp-content\/uploads\/2026\/09\/chuvas.jpg\" \/><\/h1>\n<h1 class=\"jeg_post_title\"><strong style=\"font-size: 16px;\">Cidades com o reconhecimento federal de situa\u00e7\u00e3o de emerg\u00eancia podem solicitar ao Minist\u00e9rio da Integra\u00e7\u00e3o e do Desenvolvimento Regional recursos para a\u00e7\u00f5es de defesa civil<\/strong><\/h1>\n<\/div>\n<div class=\"entry-content with-share\">\n<div class=\"content-inner \">\n<p><strong><span class=\"dropcap shadow\">A<\/span><\/strong><a href=\"https:\/\/www.gov.br\/mdr\/pt-br\/composicao\/secretarias-nacionais\/protecao-e-defesa-civil\" target=\"_blank\" rel=\"noopener\">Secretaria Nacional de Prote\u00e7\u00e3o e Defesa Civil\u00a0<\/a><strong>reconheceu situa\u00e7\u00e3o de emerg\u00eancia em seis munic\u00edpios da Regi\u00e3o Sul atingidos por granizo e chuvas intensas nos meses de julho e agosto.\u00a0<\/strong><img src=\"https:\/\/agenciabrasil.ebc.com.br\/ebc.png?id=1701061&amp;o=node\" data-pin-no-hover=\"true\" \/><img src=\"https:\/\/agenciabrasil.ebc.com.br\/ebc.gif?id=1701061&amp;o=node\" data-pin-no-hover=\"true\" \/>\u00a0A\u00a0<a href=\"https:\/\/www.in.gov.br\/web\/dou\/-\/portaria-n-2.808-de-28-de-agosto-de-2026-729106426\" target=\"_blank\" rel=\"noopener\">Portaria n\u00ba 2.808<\/a>, publicada no\u00a0<em><a href=\"https:\/\/www.in.gov.br\/servicos\/diario-oficial-da-uniao\/destaques-do-diario-oficial-da-uniao\" target=\"_blank\" rel=\"noopener\">Di\u00e1rio Oficial da Uni\u00e3o<\/a><\/em>, cita os estados e as cidades de:<\/p>\n<ul>\n<li><strong>Paran\u00e1<\/strong><br \/>\nMarquinho;<\/li>\n<li><strong>Rio Grande do Sul<\/strong><br \/>\nBom Retiro do Sul, Caseiros, Jari e Rolante;<\/li>\n<li><strong>Santa Catarina<\/strong><br \/>\nBocaina do Sul.<\/li>\n<\/ul>\n<p>De acordo com a portaria, os munic\u00edpios de Marquinho e Caseiros registraram danos provocados por granizo. Bom Retiro do Sul, Jari, Rolante e Bocaina do Sul foram atingidos por epis\u00f3dios de chuvas intensas.<\/p>\n<\/div>\n<\/div>\n<p><!--more--><\/p>\n<h3><strong>Ajuda federal<\/strong><\/h3>\n<p>Cidades com o reconhecimento federal de situa\u00e7\u00e3o de emerg\u00eancia podem solicitar ao Minist\u00e9rio da Integra\u00e7\u00e3o e do Desenvolvimento Regional recursos para a\u00e7\u00f5es de defesa civil.<\/p>\n<p>O pedido deve ser feito por meio do Sistema Integrado de Informa\u00e7\u00f5es sobre Desastres (S2iD).<\/p>\n<p>Com base nas informa\u00e7\u00f5es enviadas nos planos de trabalho, a equipe t\u00e9cnica da Defesa Civil Nacional avalia as metas e os valores solicitados.<\/p>\n<p>Entre as iniciativas que podem receber recursos est\u00e3o assist\u00eancia humanit\u00e1ria \u00e0 popula\u00e7\u00e3o afetada, aquisi\u00e7\u00e3o de cestas b\u00e1sicas, distribui\u00e7\u00e3o de \u00e1gua pot\u00e1vel, fornecimento de kits de higiene e limpeza, al\u00e9m da execu\u00e7\u00e3o de trabalhos emergenciais para restabelecimento de servi\u00e7os essenciais.<\/p>\n","protected":false},"excerpt":{"rendered":"<p>Cidades com o reconhecimento federal de situa\u00e7\u00e3o de emerg\u00eancia podem solicitar ao Minist\u00e9rio da Integra\u00e7\u00e3o e do Desenvolvimento Regional recursos para a\u00e7\u00f5es de defesa civil ASecretaria Nacional de Prote\u00e7\u00e3o e Defesa Civil\u00a0reconheceu situa\u00e7\u00e3o de emerg\u00eancia em seis munic\u00edpios da Regi\u00e3o Sul atingidos por granizo e chuvas intensas nos meses de julho e agosto.\u00a0\u00a0A\u00a0Portaria n\u00ba 2.808, [&hellip;]<\/p>\n","protected":false},"author":3,"featured_media":24055,"comment_status":"closed","ping_status":"closed","sticky":false,"template":"","format":"standard","meta":{"_links_to":"","_links_to_target":""},"categories":[1],"tags":[],"_links":{"self":[{"href":"https:\/\/www.correiodascidades.com.br\/v1\/wp-json\/wp\/v2\/posts\/24054"}],"collection":[{"href":"https:\/\/www.correiodascidades.com.br\/v1\/wp-json\/wp\/v2\/posts"}],"about":[{"href":"https:\/\/www.correiodascidades.com.br\/v1\/wp-json\/wp\/v2\/types\/post"}],"author":[{"embeddable":true,"href":"https:\/\/www.correiodascidades.com.br\/v1\/wp-json\/wp\/v2\/users\/3"}],"replies":[{"embeddable":true,"href":"https:\/\/www.correiodascidades.com.br\/v1\/wp-json\/wp\/v2\/comments?post=24054"}],"version-history":[{"count":1,"href":"https:\/\/www.correiodascidades.com.br\/v1\/wp-json\/wp\/v2\/posts\/24054\/revisions"}],"predecessor-version":[{"id":24056,"href":"https:\/\/www.correiodascidades.com.br\/v1\/wp-json\/wp\/v2\/posts\/24054\/revisions\/24056"}],"wp:featuredmedia":[{"embeddable":true,"href":"https:\/\/www.correiodascidades.com.br\/v1\/wp-json\/wp\/v2\/media\/24055"}],"wp:attachment":[{"href":"https:\/\/www.correiodascidades.com.br\/v1\/wp-json\/wp\/v2\/media?parent=24054"}],"wp:term":[{"taxonomy":"category","embeddable":true,"href":"https:\/\/www.correiodascidades.com.br\/v1\/wp-json\/wp\/v2\/categories?post=24054"},{"taxonomy":"post_tag","embeddable":true,"href":"https:\/\/www.correiodascidades.com.br\/v1\/wp-json\/wp\/v2\/tags?post=24054"}],"curies":[{"name":"wp","href":"https:\/\/api.w.org\/{rel}","templated":true}]}}