{"id":24057,"date":"2026-09-02T08:02:31","date_gmt":"2026-09-02T11:02:31","guid":{"rendered":"https:\/\/www.correiodascidades.com.br\/v1\/?p=24057"},"modified":"2026-09-02T08:02:31","modified_gmt":"2026-09-02T11:02:31","slug":"exclusivo-advogado-acusado-de-estuprar-jovem-em-selecao-de-estagio-nega-crime","status":"publish","type":"post","link":"https:\/\/www.correiodascidades.com.br\/v1\/2026\/09\/02\/exclusivo-advogado-acusado-de-estuprar-jovem-em-selecao-de-estagio-nega-crime\/","title":{"rendered":"Exclusivo: Advogado acusado de estuprar jovem em sele\u00e7\u00e3o de est\u00e1gio nega crime"},"content":{"rendered":"<div>\n<p>Crime ocorreu em outubro de 2019, um dia ap\u00f3s a v\u00edtima completar 22 anos<\/p>\n<\/div>\n<figure><img loading=\"lazy\" class=\"\" src=\"https:\/\/cdn.atarde.com.br\/img\/Chamada-Home\/1400000\/764x552\/exclusivo-advogado-acusado-de-estuprar-jovem-em-se0140056500202609020735\/scaleDownOutsideFillBackground-1.webp?fallback=https%3A%2F%2Fcdn.atarde.com.br%2Fimg%2FChamada-Home%2F1400000%2Fexclusivo-advogado-acusado-de-estuprar-jovem-em-se0140056500202609020735.jpg%3Fxid%3D7193528&amp;xid=7193528\" alt=\"Exclusivo: Advogado acusado de estuprar jovem em sele\u00e7\u00e3o de est\u00e1gio nega crime\" width=\"494\" height=\"357\" \/><\/figure>\n<p>H\u00e1 quase oito anos, a advogada Marcela Ribeiro Santos Macedo, 28, busca na Justi\u00e7a a condena\u00e7\u00e3o do tamb\u00e9m advogado Silvio Nei Oliveira da Silveira, 50. Ela acusa o homem de t\u00ea-la dopado e estuprado no dia 4 de outubro de 2019, um dia depois de completar 22 anos. Ele tinha 43.<\/p>\n<p>Marcela contou que o crime ocorreu dentro do escrit\u00f3rio de Silvio Nei, em Lauro de Freitas, na Regi\u00e3o Metropolitana de Salvador (RMS), enquanto\u00a0<a href=\"https:\/\/atarde.com.br\/policia\/hospital-alianca-afasta-medico-apos-operacao-investigar-crimes-sexuais-em-salvador-1399989\" target=\"_blank\" rel=\"noopener\" data-rel-defined=\"\">participava<\/a> de uma sele\u00e7\u00e3o de est\u00e1gio. \u00c0 \u00e9poca, ela era estudante de direito de uma faculdade particular.\u00a0 Em conversa com o\u00a0A TARDE, a jovem contou que n\u00e3o conhecia o advogado e que havia deixado curr\u00edculos em escrit\u00f3rios da cidade. Segundo ela, durante a conversa, o homem perguntou se ela bebia e, diante da resposta que estava come\u00e7ando a consumir vinho, ele pediu, por meio de um aplicativo, uma garrafa da bebida.<\/p>\n<figure class=\"inlineImage\"><picture><source srcset=\"https:\/\/cdn.atarde.com.br\/img\/inline\/1400000\/320x0\/exclusivo-advogado-acusado-de-estuprar-jovem-em-se0140056500202609012307-1.webp?fallback=https%3A%2F%2Fcdn.atarde.com.br%2Fimg%2Finline%2F1400000%2Fexclusivo-advogado-acusado-de-estuprar-jovem-em-se0140056500202609012307.jpg%3Fxid%3D7193530&amp;xid=7193530\" media=\"(max-width: 768px)\" \/><source srcset=\"https:\/\/cdn.atarde.com.br\/img\/inline\/1400000\/724x0\/exclusivo-advogado-acusado-de-estuprar-jovem-em-se0140056500202609012307-1.webp?fallback=https%3A%2F%2Fcdn.atarde.com.br%2Fimg%2Finline%2F1400000%2Fexclusivo-advogado-acusado-de-estuprar-jovem-em-se0140056500202609012307.jpg%3Fxid%3D7193530&amp;xid=7193530\" media=\"(min-width: 768px)\" \/><img loading=\"lazy\" class=\"\" src=\"https:\/\/cdn.atarde.com.br\/img\/inline\/1400000\/724x0\/exclusivo-advogado-acusado-de-estuprar-jovem-em-se0140056500202609012307-1.webp?fallback=https%3A%2F%2Fcdn.atarde.com.br%2Fimg%2Finline%2F1400000%2Fexclusivo-advogado-acusado-de-estuprar-jovem-em-se0140056500202609012307.jpg%3Fxid%3D7193530&amp;xid=7193530\" alt=\"Silvio Nei afirma que este \u00e9 o primeiro processo criminal que responde\" width=\"502\" height=\"282\" \/><\/picture><figcaption>Silvio Nei afirma que este \u00e9 o primeiro processo criminal que responde &#8211; Foto: Reprodu\u00e7\u00e3o Redes Sociais<\/figcaption><\/figure>\n<p>\u201cO vinho chegou fechado. O entregador deixou dentro do escrit\u00f3rio, foi aberto na minha frente. Ele colocou no meu copo, colocou no copo dele, continuamos bebendo e conversando\u201d, lembra, ao afirmar que o homem insistiu para que ela ficasse at\u00e9 o fim do expediente.\u00a0 Ainda de acordo com Marcela, em um determinado momento, o advogado interfonou para o porteiro do pr\u00e9dio e solicitou que ele comprasse outra garrafa de vinho e, como n\u00e3o tinha como abrir no escrit\u00f3rio, a trouxesse j\u00e1 aberta.\u00a0 &#8220;Quando o porteiro subiu, ele entregou o dinheiro e o porteiro saiu novamente e voltou com a garrafa de P\u00e9rgola [vinho]. Quando o porteiro trouxe, ele falou assim: &#8216;abre l\u00e1 embaixo, porque a aqui n\u00e3o tem o aparelho [abridor] que tira a rosca&#8217;. Depois disso, comecei a passar muito mal e vomitei\u201d, relembra.<\/p>\n<p>A advogada diz que n\u00e3o se lembra do que aconteceu posteriormente. Mas, no dia seguinte, foi questionada pela m\u00e3e sobre o que havia acontecido e tomou conhecimento de algumas marcas em seu pesco\u00e7o e no seio.<\/p>\n<p>\u201cQuando eu acordei de novo, minha m\u00e3e veio conversar comigo perguntando o que \u00e9 que estava acontecendo, porque meu pesco\u00e7o estava cheio de chup\u00f5es [hematoma causado por suc\u00e7\u00e3o ou mordida forte durante um beijo]&#8221;, conta.<\/p>\n<p>Ela disse que, diante da situa\u00e7\u00e3o, procurou o acusado para saber o que havia acontecido e que ele teria respondido que, provavelmente, havia ca\u00eddo. Ainda segundo Marcela, ap\u00f3s o questionamento sobre as marcas, recebeu a seguinte mensagem de Silvio Nei: &#8220;parece que voc\u00ea est\u00e1 com d\u00favidas do nosso envolvimento de ontem&#8221;.<\/p>\n<figure class=\"inlineImage\"><picture><source srcset=\"https:\/\/cdn.atarde.com.br\/img\/inline\/1400000\/320x0\/exclusivo-advogado-acusado-de-estuprar-jovem-em-se0140056501202609012307-1.webp?fallback=https%3A%2F%2Fcdn.atarde.com.br%2Fimg%2Finline%2F1400000%2Fexclusivo-advogado-acusado-de-estuprar-jovem-em-se0140056501202609012307.jpg%3Fxid%3D7193531&amp;xid=7193531\" media=\"(max-width: 768px)\" \/><source srcset=\"https:\/\/cdn.atarde.com.br\/img\/inline\/1400000\/724x0\/exclusivo-advogado-acusado-de-estuprar-jovem-em-se0140056501202609012307-1.webp?fallback=https%3A%2F%2Fcdn.atarde.com.br%2Fimg%2Finline%2F1400000%2Fexclusivo-advogado-acusado-de-estuprar-jovem-em-se0140056501202609012307.jpg%3Fxid%3D7193531&amp;xid=7193531\" media=\"(min-width: 768px)\" \/><img loading=\"lazy\" class=\"\" src=\"https:\/\/cdn.atarde.com.br\/img\/inline\/1400000\/724x0\/exclusivo-advogado-acusado-de-estuprar-jovem-em-se0140056501202609012307-1.webp?fallback=https%3A%2F%2Fcdn.atarde.com.br%2Fimg%2Finline%2F1400000%2Fexclusivo-advogado-acusado-de-estuprar-jovem-em-se0140056501202609012307.jpg%3Fxid%3D7193531&amp;xid=7193531\" alt=\"Crime foi registrado na 23\u00aa Delegacia de Lauro de Freitas\" width=\"558\" height=\"632\" \/><\/picture><figcaption>Crime foi registrado na 23\u00aa Delegacia de Lauro de Freitas &#8211; Foto: Arquivo pessoal<\/figcaption><\/figure>\n<p>Ap\u00f3s isso, ela procurou o professor de Direito Penal para contar o caso e foi orientada a procurar ajuda e registrar ocorr\u00eancia na Pol\u00edcia Civil. O caso foi registrado na 23\u00aa Delegacia Territorial de Lauro de Freitas.<\/p>\n<p>Al\u00e9m disso, ela passou por exame de corpo de delito e atendimento hospitalar. A advogada revelou que no exame do Instituo M\u00e9dico Legal (IML) foi detectado s\u00eamen do advogado em seu corpo.<\/p>\n<p>&#8220;No exame de corpo de delito deu que existia s\u00eamen no meu canal vaginal. Ele foi intimado diversas vezes para apresentar o DNA, mas n\u00e3o respondia. Ent\u00e3o, o Minist\u00e9rio P\u00fablico conseguiu um mandado de busca e apreens\u00e3o, foram no escrit\u00f3rio dele, conseguiram recolher algum objeto, testaram o DNA e comprovaram que era compat\u00edvel com o s\u00eamen que estava no meu corpo&#8221;, explica Marcela.<\/p>\n<p><!--more--><\/p>\n<h2>Processo ainda n\u00e3o tem senten\u00e7a<\/h2>\n<p>O caso deu origem \u00e0 a\u00e7\u00e3o penal\u00a0n\u00ba 0500285-58.2020.8.05.0150,\u00a0que tramita na 1\u00aa Vara Criminal de Lauro de Freitas e est\u00e1 sob segredo de Justi\u00e7a.<\/p>\n<p>Silvio Nei chegou a ser preso e, segundo Marcela, no momento da pris\u00e3o, ofereceu dinheiro aos policiais para n\u00e3o ser conduzido. Ela sustenta que o advogado tem agido para atrasar o andamento do processo.<\/p>\n<p>Inclusive, aponta que sucessivos questionamentos processuais t\u00eam contribu\u00eddo para prolongar o andamento do caso.<\/p>\n<p>Entre as quest\u00f5es recentes est\u00e1 uma discuss\u00e3o sobre a imparcialidade da ju\u00edza Ant\u00f4nia Faleiros, respons\u00e1vel pelo processo. Em junho de 2025, a magistrada rejeitou a exce\u00e7\u00e3o de impedimento apresentada pela defesa e encaminhou a quest\u00e3o ao TJ\/ BA.<\/p>\n<p>Em dezembro daquele ano, a Se\u00e7\u00e3o Criminal do TJ\/ BA decidiu, por unanimidade, reconhecer o impedimento superveniente da magistrada e determinou que o processo fosse encaminhado ao substituto legal.<\/p>\n<p>Conforme o ac\u00f3rd\u00e3o, a decis\u00e3o levou em considera\u00e7\u00e3o circunst\u00e2ncias envolvendo a filha da ju\u00edza, Cinthia Faleiros Santos, ent\u00e3o ligada \u00e0 Comiss\u00e3o da Mulher Advogada da Ordem dos Advogados do Brasil (OAB), Subse\u00e7\u00e3o Lauro de Freitas, na Bahia, e sua rela\u00e7\u00e3o com Marcela.<\/p>\n<p>O tribunal, contudo, estabeleceu a preserva\u00e7\u00e3o dos atos de instru\u00e7\u00e3o j\u00e1 realizados. A decis\u00e3o n\u00e3o representou absolvi\u00e7\u00e3o do acusado, nem encerrou a a\u00e7\u00e3o penal.<\/p>\n<p>A defesa de Silvio recorreu da decis\u00e3o e busca, entre outros pedidos, a anula\u00e7\u00e3o de atos processuais. Em contrarraz\u00f5es apresentadas em julho de 2026, a defesa de Marcela pediu a manuten\u00e7\u00e3o da decis\u00e3o do Tribunal de Justi\u00e7a da Bahia e afirmou que o recurso tenta rediscutir provas e atrasar o processo.<\/p>\n<h2>Impacto emocional e pessoal<\/h2>\n<p>A advogada afirma que o crime provocou impactos profundos em sua vida pessoal e profissional. Ela diz fazer acompanhamento psicol\u00f3gico e psiqui\u00e1trico e relata dificuldades para dormir.<\/p>\n<p>&#8220;\u00c9 frustrante, \u00e9 doloroso, atualmente eu fa\u00e7o acompanhamento psicol\u00f3gico, psiqui\u00e1trico. Tomo de oito a nove rem\u00e9dios por dia, inclusive, rem\u00e9dios para dormir, porque eu tenho um pesadelo sempre com essa situa\u00e7\u00e3o&#8221;, explica.<\/p>\n<p>Marcela completa dizendo que \u201c\u00e9 uma dualidade muito grande ser advogada e ser a v\u00edtima, porque eu entendo como o processo deveria seguir, mas como ele n\u00e3o \u00e9 seguido no meu caso, \u00e9 como se eu fosse a r\u00e9 do meu pr\u00f3prio processo\u201d.<\/p>\n<p>Ela tamb\u00e9m afirma ter se afastado de atividades na OAB por quest\u00f5es que, segundo seu relato, acabaram sendo levadas ao processo.<\/p>\n<p>Ao ser questionada sobre o motivo de ter decido se expor publicamente, Marcela afirmou que, al\u00e9m de buscar justi\u00e7a, tamb\u00e9m pretende incentivar outras poss\u00edveis v\u00edtimas de Silvio Nei a denunci\u00e1-lo.<\/p>\n<p>\u201cEu sempre digo para as minhas clientes que denunciar, voc\u00ea tem a certeza da Justi\u00e7a. Mas, eu n\u00e3o consigo ver isso no meu processo\u201d, finaliza a advogada. O processo permanece em tramita\u00e7\u00e3o, sem senten\u00e7a definitiva sobre as acusa\u00e7\u00f5es<\/p>\n<h2>Advogado fala com exclusividade<\/h2>\n<p>Procurado pela reportagem, Silvio Nei Oliveira da Silveira falou com exclusividade ao A TARDE e afirmou que n\u00e3o pode apresentar detalhes da defesa porque o processo tramita sob segredo de Justi\u00e7a. \u201cTodos os fatos noticiados dizem respeito a um processo que tem segredo de justi\u00e7a\u201d, afirma.<\/p>\n<p>Silveira afirmou que atua na pr\u00f3pria defesa, ao lado de seu s\u00f3cio, e que uma manifesta\u00e7\u00e3o p\u00fablica sobre provas e teses poderia trazer consequ\u00eancias processuais.<\/p>\n<p>\u201cEu tenho uma por\u00e7\u00e3o de provas que demonstram por que o processo n\u00e3o est\u00e1 parado. Ele est\u00e1 andando e com muitas movimenta\u00e7\u00f5es e muitas p\u00e1ginas e muitos atos\u201d, esclarece o advogado.<\/p>\n<p>Silvio Nei tamb\u00e9m negou a alega\u00e7\u00e3o de que teria oferecido dinheiro a policiais durante sua pris\u00e3o. \u201cA verdade est\u00e1 dentro do processo\u201d, afirma ele, ao dizer que \u00e9 casado e pai de duas filhas, de 22 e 14 anos.<\/p>\n<p>O advogado disse ainda que pretende apresentar uma nota formal de esclarecimento ap\u00f3s uma movimenta\u00e7\u00e3o processual pendente, que deu entrada nesta ter\u00e7a-feira, 1\u00ba setembro, ap\u00f3s saber que o caso havia sido noticiado em alguns ve\u00edculos de comunica\u00e7\u00e3o de Salvador.<\/p>\n<p>&#8220;Nunca tive uma uma pontua\u00e7\u00e3o criminal antes na minha vida, de nenhuma natureza. Ent\u00e3o, cheguei a 43 anos sem ela. Judicialmente, criminalmente \u00e9 o primeiro processo que eu tenho. Tive processo de div\u00f3rcio, de alimentos, como qualquer ser humano, processo contra empresas, cobran\u00e7a de empresa, mas, criminalmente, essa \u00e9 a primeira pontua\u00e7\u00e3o com 43 anos e exercido a profiss\u00e3o de advogado&#8221;, defendeu-se.<\/p>\n","protected":false},"excerpt":{"rendered":"<p>Crime ocorreu em outubro de 2019, um dia ap\u00f3s a v\u00edtima completar 22 anos H\u00e1 quase oito anos, a advogada Marcela Ribeiro Santos Macedo, 28, busca na Justi\u00e7a a condena\u00e7\u00e3o do tamb\u00e9m advogado Silvio Nei Oliveira da Silveira, 50. Ela acusa o homem de t\u00ea-la dopado e estuprado no dia 4 de outubro de 2019, [&hellip;]<\/p>\n","protected":false},"author":3,"featured_media":24058,"comment_status":"closed","ping_status":"closed","sticky":false,"template":"","format":"standard","meta":{"_links_to":"","_links_to_target":""},"categories":[1],"tags":[],"_links":{"self":[{"href":"https:\/\/www.correiodascidades.com.br\/v1\/wp-json\/wp\/v2\/posts\/24057"}],"collection":[{"href":"https:\/\/www.correiodascidades.com.br\/v1\/wp-json\/wp\/v2\/posts"}],"about":[{"href":"https:\/\/www.correiodascidades.com.br\/v1\/wp-json\/wp\/v2\/types\/post"}],"author":[{"embeddable":true,"href":"https:\/\/www.correiodascidades.com.br\/v1\/wp-json\/wp\/v2\/users\/3"}],"replies":[{"embeddable":true,"href":"https:\/\/www.correiodascidades.com.br\/v1\/wp-json\/wp\/v2\/comments?post=24057"}],"version-history":[{"count":1,"href":"https:\/\/www.correiodascidades.com.br\/v1\/wp-json\/wp\/v2\/posts\/24057\/revisions"}],"predecessor-version":[{"id":24059,"href":"https:\/\/www.correiodascidades.com.br\/v1\/wp-json\/wp\/v2\/posts\/24057\/revisions\/24059"}],"wp:featuredmedia":[{"embeddable":true,"href":"https:\/\/www.correiodascidades.com.br\/v1\/wp-json\/wp\/v2\/media\/24058"}],"wp:attachment":[{"href":"https:\/\/www.correiodascidades.com.br\/v1\/wp-json\/wp\/v2\/media?parent=24057"}],"wp:term":[{"taxonomy":"category","embeddable":true,"href":"https:\/\/www.correiodascidades.com.br\/v1\/wp-json\/wp\/v2\/categories?post=24057"},{"taxonomy":"post_tag","embeddable":true,"href":"https:\/\/www.correiodascidades.com.br\/v1\/wp-json\/wp\/v2\/tags?post=24057"}],"curies":[{"name":"wp","href":"https:\/\/api.w.org\/{rel}","templated":true}]}}