{"id":2406,"date":"2023-01-06T05:51:32","date_gmt":"2023-01-06T08:51:32","guid":{"rendered":"https:\/\/www.correiodascidades.com.br\/v1\/?p=2406"},"modified":"2023-01-06T06:47:17","modified_gmt":"2023-01-06T09:47:17","slug":"obra-da-prefeitura-no-bairro-nelson-costa-tem-a-fiscalizacao-do-vereador-augustao","status":"publish","type":"post","link":"https:\/\/www.correiodascidades.com.br\/v1\/2023\/01\/06\/obra-da-prefeitura-no-bairro-nelson-costa-tem-a-fiscalizacao-do-vereador-augustao\/","title":{"rendered":"Obra da prefeitura no Bairro Nelson Costa tem a fiscaliza\u00e7\u00e3o do Vereador August\u00e3o"},"content":{"rendered":"<p><img loading=\"lazy\" class=\"\" src=\"https:\/\/www.correiodascidades.com.br\/v1\/wp-content\/uploads\/2023\/01\/4058a0ff-bea9-486f-b4b7-52a15809ad0a.jpeg\" width=\"598\" height=\"1062\" \/><\/p>\n<p>Os moradores da Rua Boa Vista no Bairro Nelson Costa ligaram para o programa Balan\u00e7o Total da R\u00e1dio Santa Cruz, comunicando ao Radialista Luke Rei, que os servi\u00e7os de infraestruturas na localidade estavam quase paralisados. Isso porque a referida obra t\u00eam apenas tr\u00eas homens na execuss\u00e3o dos servi\u00e7os. <!--more--><\/p>\n<p>A obra \u00e9 grande, com longitude de aproximadamente um quil\u00f4metro \u00a0de rua, com poucos homens trabalhando. No local, uma placa indica que a obra tem que acabar com quatro meses\u00a0 o prazo expira\u00a0 neste m\u00eas de Janeiro.<\/p>\n<p>A rua est\u00e1 toda quebrada dificultando o acesso dos moradores, redes de esg\u00f4tos estouradas e o povo chateado.<\/p>\n<p>O Vereador August\u00e3o ouvinte do referido programa, ao saber da situa\u00e7\u00e3o enviou at\u00e9 o local prepostos do seu gabinete para acompanhar de perto a situa\u00e7\u00e3o e tomar as devidas provid\u00eancias.<\/p>\n<p>De acordo com August\u00e3o, as den\u00fancias feitas s\u00e3o ver\u00eddicas , as medidas com rela\u00e7\u00e3o ao assunto seriam adotadas.<\/p>\n<p>August\u00e3o\u00a0 disse \u201cna placa informativa t\u00eam o nome do respons\u00e1vel pela obra, farei contato com o mesmo e pedirei esclarecimentos. Esse \u00e9 o papel do vereador\u201d.<\/p>\n<p>&nbsp;<\/p>\n<p><img loading=\"lazy\" class=\"\" src=\"https:\/\/www.correiodascidades.com.br\/v1\/wp-content\/uploads\/2023\/01\/3cf2742f-2e22-4f79-924d-85c60cff198a-e1672995697505.jpeg\" width=\"651\" height=\"1156\" \/><\/p>\n<p>August\u00e3o disse ainda que a realiza\u00e7\u00e3o dos servi\u00e7os na comunidade \u00e9 uma conquista dos moradores que lutaram h\u00e1 anos buscando o pleito no local. O m\u00e9rito \u00e9 do povo.<\/p>\n<p>&#8221; Nas duas campanhas politicas esteve no Bairro, \u00a0na campanha para Vereador, e na campanha de Deputado, e esta rua foi o assunto mais cobrado pela popula\u00e7\u00e3o fiz compromisso.\u00a0 de lutar pelas melhorias do local e do bairro de modo em geral&#8221;.<\/p>\n<p>&nbsp;<\/p>\n","protected":false},"excerpt":{"rendered":"<p>Os moradores da Rua Boa Vista no Bairro Nelson Costa ligaram para o programa Balan\u00e7o Total da R\u00e1dio Santa Cruz, comunicando ao Radialista Luke Rei, que os servi\u00e7os de infraestruturas na localidade estavam quase paralisados. Isso porque a referida obra t\u00eam apenas tr\u00eas homens na execuss\u00e3o dos servi\u00e7os.<\/p>\n","protected":false},"author":3,"featured_media":2411,"comment_status":"closed","ping_status":"closed","sticky":false,"template":"","format":"standard","meta":{"_links_to":"","_links_to_target":""},"categories":[2],"tags":[],"_links":{"self":[{"href":"https:\/\/www.correiodascidades.com.br\/v1\/wp-json\/wp\/v2\/posts\/2406"}],"collection":[{"href":"https:\/\/www.correiodascidades.com.br\/v1\/wp-json\/wp\/v2\/posts"}],"about":[{"href":"https:\/\/www.correiodascidades.com.br\/v1\/wp-json\/wp\/v2\/types\/post"}],"author":[{"embeddable":true,"href":"https:\/\/www.correiodascidades.com.br\/v1\/wp-json\/wp\/v2\/users\/3"}],"replies":[{"embeddable":true,"href":"https:\/\/www.correiodascidades.com.br\/v1\/wp-json\/wp\/v2\/comments?post=2406"}],"version-history":[{"count":7,"href":"https:\/\/www.correiodascidades.com.br\/v1\/wp-json\/wp\/v2\/posts\/2406\/revisions"}],"predecessor-version":[{"id":2415,"href":"https:\/\/www.correiodascidades.com.br\/v1\/wp-json\/wp\/v2\/posts\/2406\/revisions\/2415"}],"wp:featuredmedia":[{"embeddable":true,"href":"https:\/\/www.correiodascidades.com.br\/v1\/wp-json\/wp\/v2\/media\/2411"}],"wp:attachment":[{"href":"https:\/\/www.correiodascidades.com.br\/v1\/wp-json\/wp\/v2\/media?parent=2406"}],"wp:term":[{"taxonomy":"category","embeddable":true,"href":"https:\/\/www.correiodascidades.com.br\/v1\/wp-json\/wp\/v2\/categories?post=2406"},{"taxonomy":"post_tag","embeddable":true,"href":"https:\/\/www.correiodascidades.com.br\/v1\/wp-json\/wp\/v2\/tags?post=2406"}],"curies":[{"name":"wp","href":"https:\/\/api.w.org\/{rel}","templated":true}]}}