{"id":24060,"date":"2026-09-02T08:08:31","date_gmt":"2026-09-02T11:08:31","guid":{"rendered":"https:\/\/www.correiodascidades.com.br\/v1\/?p=24060"},"modified":"2026-09-02T08:08:31","modified_gmt":"2026-09-02T11:08:31","slug":"mendonca-quer-levar-ao-plenario-dialogos-atribuidos-a-vorcaro-e-moraes","status":"publish","type":"post","link":"https:\/\/www.correiodascidades.com.br\/v1\/2026\/09\/02\/mendonca-quer-levar-ao-plenario-dialogos-atribuidos-a-vorcaro-e-moraes\/","title":{"rendered":"Mendon\u00e7a quer levar ao plen\u00e1rio di\u00e1logos atribu\u00eddos a Vorcaro e Moraes"},"content":{"rendered":"<p><img src=\"https:\/\/www.correiodascidades.com.br\/v1\/wp-content\/uploads\/2026\/09\/andre-mendonca.jpg\" \/><\/p>\n<p><span class=\"dropcap shadow\">O<\/span>\u00a0ministro Andr\u00e9 Mendon\u00e7a, do Supremo Tribunal Federal (STF), defendeu nesta ter\u00e7a-feira (1\u00b0) que as novas conversas atribu\u00eddas ao ex-banqueiro Daniel Vorcaro e o ministro Alexandre de Moraes sejam analisadas pelo plen\u00e1rio da Corte.<img src=\"https:\/\/agenciabrasil.ebc.com.br\/ebc.png?id=1701271&amp;o=node\" data-pin-no-hover=\"true\" \/><img src=\"https:\/\/agenciabrasil.ebc.com.br\/ebc.gif?id=1701271&amp;o=node\" data-pin-no-hover=\"true\" \/><\/p>\n<p>A sinaliza\u00e7\u00e3o do ministro ocorreu no\u00a0<a href=\"http:\/\/https\/\/agenciabrasil.ebc.com.br\/justica\/noticia\/2026-09\/pgr-deve-se-manifestar-sobre-supostas-conversas-entre-vorcaro-e-moraes\" target=\"_blank\" rel=\"noopener\">despacho\u00a0<\/a>no qual Mendon\u00e7a retirou o sigilo de di\u00e1logos in\u00e9ditos at\u00e9 ent\u00e3o.<\/p>\n<p>As conversas mostram cita\u00e7\u00f5es aos nomes de Moraes e do procurador-geral da Rep\u00fablica, Paulo Gonet, e foram extra\u00eddas a partir da quebra de sigilo do celular do ex-banqueiro, que \u00e9 alvo das investiga\u00e7\u00f5es da Opera\u00e7\u00e3o Compliance Zero. A apura\u00e7\u00e3o investiga fraudes financeiras no Banco Master.\u00a0 <!--more--><\/p>\n<p>Segundo Mendon\u00e7a, que \u00e9 relator do caso, o plen\u00e1rio da Corte \u00e9 a \u201cinst\u00e2ncia soberana\u201d para analisar o caso.<\/p>\n<blockquote><p>\u201cO caminho inevit\u00e1vel dos presentes autos leva ao plen\u00e1rio deste Supremo Tribunal Federal, inst\u00e2ncia soberana para analisar, de modo t\u00e9cnico estritamente jur\u00eddico, os novos elementos trazidos pela autoridade policial\u201d, afirmou o ministro.<\/p><\/blockquote>\n<p>O ministro tamb\u00e9m defendeu que sess\u00e3o ocorra de forma \u201cp\u00fablica e transparente\u201d.<\/p>\n<p>\u201cA aludida delibera\u00e7\u00e3o, pelo plen\u00e1rio da Corte, dever\u00e1 ocorrer de forma p\u00fablica e transparente, em sess\u00e3o presencial do colegiado\u201d, completou.<\/p>\n<p>A decis\u00e3o de colocar a quest\u00e3o em pauta cabe ao presidente do STF, ministro Edson Fachin, respons\u00e1vel regimentalmente pela organiza\u00e7\u00e3o da pauta.<\/p>\n<p>Com a eventual delibera\u00e7\u00e3o, a Corte poder\u00e1 analisar se Moraes pode ser investigado a partir das conversas.\u00a0 No in\u00edcio deste ano, surgiram as primeiras mensagens que teriam sido trocadas entre Vorcaro e Moraes. O escrit\u00f3rio da mulher de Moraes,\u00a0<a href=\"https:\/\/agenciabrasil.ebc.com.br\/justica\/noticia\/2026-03\/escritorio-ligado-familia-de-moraes-afirma-que-nao-atuou-no-stf\" target=\"_blank\" rel=\"noopener\">Viviane Barci de Moraes<\/a>, mantinha contratos com o Banco Master.<\/p>\n<p>Na ocasi\u00e3o, o ministro negou ter mantido conversas com o ex-banqueiro.<\/p>\n","protected":false},"excerpt":{"rendered":"<p>O\u00a0ministro Andr\u00e9 Mendon\u00e7a, do Supremo Tribunal Federal (STF), defendeu nesta ter\u00e7a-feira (1\u00b0) que as novas conversas atribu\u00eddas ao ex-banqueiro Daniel Vorcaro e o ministro Alexandre de Moraes sejam analisadas pelo plen\u00e1rio da Corte. A sinaliza\u00e7\u00e3o do ministro ocorreu no\u00a0despacho\u00a0no qual Mendon\u00e7a retirou o sigilo de di\u00e1logos in\u00e9ditos at\u00e9 ent\u00e3o. As conversas mostram cita\u00e7\u00f5es aos nomes [&hellip;]<\/p>\n","protected":false},"author":3,"featured_media":24061,"comment_status":"closed","ping_status":"closed","sticky":false,"template":"","format":"standard","meta":{"_links_to":"","_links_to_target":""},"categories":[1],"tags":[],"_links":{"self":[{"href":"https:\/\/www.correiodascidades.com.br\/v1\/wp-json\/wp\/v2\/posts\/24060"}],"collection":[{"href":"https:\/\/www.correiodascidades.com.br\/v1\/wp-json\/wp\/v2\/posts"}],"about":[{"href":"https:\/\/www.correiodascidades.com.br\/v1\/wp-json\/wp\/v2\/types\/post"}],"author":[{"embeddable":true,"href":"https:\/\/www.correiodascidades.com.br\/v1\/wp-json\/wp\/v2\/users\/3"}],"replies":[{"embeddable":true,"href":"https:\/\/www.correiodascidades.com.br\/v1\/wp-json\/wp\/v2\/comments?post=24060"}],"version-history":[{"count":1,"href":"https:\/\/www.correiodascidades.com.br\/v1\/wp-json\/wp\/v2\/posts\/24060\/revisions"}],"predecessor-version":[{"id":24062,"href":"https:\/\/www.correiodascidades.com.br\/v1\/wp-json\/wp\/v2\/posts\/24060\/revisions\/24062"}],"wp:featuredmedia":[{"embeddable":true,"href":"https:\/\/www.correiodascidades.com.br\/v1\/wp-json\/wp\/v2\/media\/24061"}],"wp:attachment":[{"href":"https:\/\/www.correiodascidades.com.br\/v1\/wp-json\/wp\/v2\/media?parent=24060"}],"wp:term":[{"taxonomy":"category","embeddable":true,"href":"https:\/\/www.correiodascidades.com.br\/v1\/wp-json\/wp\/v2\/categories?post=24060"},{"taxonomy":"post_tag","embeddable":true,"href":"https:\/\/www.correiodascidades.com.br\/v1\/wp-json\/wp\/v2\/tags?post=24060"}],"curies":[{"name":"wp","href":"https:\/\/api.w.org\/{rel}","templated":true}]}}