{"id":24067,"date":"2026-09-02T22:09:03","date_gmt":"2026-09-03T01:09:03","guid":{"rendered":"https:\/\/www.correiodascidades.com.br\/v1\/?p=24067"},"modified":"2026-09-02T22:09:03","modified_gmt":"2026-09-03T01:09:03","slug":"varios-artistas-artistas-e-produtor-fica-fora-dos-editais-de-cultura-por-falhas-em-projetos-diz-gerente-de-artes-da-fgm","status":"publish","type":"post","link":"https:\/\/www.correiodascidades.com.br\/v1\/2026\/09\/02\/varios-artistas-artistas-e-produtor-fica-fora-dos-editais-de-cultura-por-falhas-em-projetos-diz-gerente-de-artes-da-fgm\/","title":{"rendered":"V\u00e1rios artistas artistas e produtor fica fora dos editais de cultura por falhas em projetos, diz gerente de Artes da FGM"},"content":{"rendered":"<p><img src=\"https:\/\/www.correiodascidades.com.br\/v1\/wp-content\/uploads\/2026\/09\/187730muito-artista-e-produtor-fica-fora-dos-editais-de-cultura-por-falhas-em-projetos-diz-gerente-de-artes-da-fgm-3.jpg\" \/><\/p>\n<p>Talis Castro, ator e gerente de Artes e Fomento da Funda\u00e7\u00e3o Greg\u00f3rio de Matos, falou sobre os desafios enfrentados por atores, produtores e diretores na apresenta\u00e7\u00e3o de projetos culturais em Salvador. Em entrevista ao<strong>\u00a0Metropole Mais,<\/strong>\u00a0nesta quarta-feira (2), ele tamb\u00e9m divulgou uma iniciativa da institui\u00e7\u00e3o voltada a incentivar a participa\u00e7\u00e3o desses agentes culturais em editais capazes de viabilizar seus projetos.<\/p>\n<p>Segundo Talis, muitas propostas deixam de ser aprovadas n\u00e3o pela qualidade da ideia, mas pela falta de dom\u00ednio t\u00e9cnico de quem realiza a inscri\u00e7\u00e3o nos processos seletivos.<\/p>\n<p>A Jornada de Fomento \u00e0 Cultura: Imers\u00e3o para Projetos e Neg\u00f3cios Criativos, idealizada pela Funda\u00e7\u00e3o Greg\u00f3rio de Matos, ser\u00e1 realizada entre os dias 14 de setembro e 1\u00ba de outubro. A iniciativa tem como objetivo capacitar artistas e produtores de Salvador para a capta\u00e7\u00e3o de recursos e a gest\u00e3o criativa, por meio de oficinas e consultorias voltadas ao desenvolvimento de projetos art\u00edsticos.<\/p>\n<p>Os interessados devem se inscrever at\u00e9 o dia 9 de setembro, pela plataforma Sympla. <!--more--><\/p>\n<p>Tamb\u00e9m ser\u00e1 promovido um ciclo de forma\u00e7\u00e3o para profissionais do setor, com oficinas sobre planejamento estrat\u00e9gico, portf\u00f3lio e processos criativos, entre outros temas.<\/p>\n<p>\u201cA gente tende a associar projetos art\u00edsticos a uma realiza\u00e7\u00e3o pessoal, em vez de uma atividade profissional. Mas arte \u00e9 um trabalho, profissionais da arte s\u00e3o trabalhadores. Os artistas precisam voltar o olhar para a gest\u00e3o das suas carreiras\u201d, afirmou.<\/p>\n<p>A programa\u00e7\u00e3o tamb\u00e9m inclui um workshop sobre intelig\u00eancia artificial (IA), voltado a orientar agentes culturais sobre o uso da tecnologia para aperfei\u00e7oar suas ideias.<\/p>\n<p>\u201cO objetivo n\u00e3o \u00e9 usar a IA como atalho, nem substituir o processo criativo. \u00c0s vezes, n\u00e3o se d\u00e1 \u00e0 intelig\u00eancia artificial a profundidade espec\u00edfica que aquele projeto precisa. Ficamos perdidos com a quantidade de ferramentas dispon\u00edveis para n\u00f3s\u201d, disse.<\/p>\n<p>Mais informa\u00e7\u00f5es sobre o evento est\u00e3o dispon\u00edveis no site e nas redes sociais da Funda\u00e7\u00e3o Greg\u00f3rio de Matos.<\/p>\n<p>As informa\u00e7\u00f5es \u00e9 da Metropoli<\/p>\n","protected":false},"excerpt":{"rendered":"<p>Talis Castro, ator e gerente de Artes e Fomento da Funda\u00e7\u00e3o Greg\u00f3rio de Matos, falou sobre os desafios enfrentados por atores, produtores e diretores na apresenta\u00e7\u00e3o de projetos culturais em Salvador. Em entrevista ao\u00a0Metropole Mais,\u00a0nesta quarta-feira (2), ele tamb\u00e9m divulgou uma iniciativa da institui\u00e7\u00e3o voltada a incentivar a participa\u00e7\u00e3o desses agentes culturais em editais capazes [&hellip;]<\/p>\n","protected":false},"author":3,"featured_media":24068,"comment_status":"closed","ping_status":"closed","sticky":false,"template":"","format":"standard","meta":{"_links_to":"","_links_to_target":""},"categories":[1],"tags":[],"_links":{"self":[{"href":"https:\/\/www.correiodascidades.com.br\/v1\/wp-json\/wp\/v2\/posts\/24067"}],"collection":[{"href":"https:\/\/www.correiodascidades.com.br\/v1\/wp-json\/wp\/v2\/posts"}],"about":[{"href":"https:\/\/www.correiodascidades.com.br\/v1\/wp-json\/wp\/v2\/types\/post"}],"author":[{"embeddable":true,"href":"https:\/\/www.correiodascidades.com.br\/v1\/wp-json\/wp\/v2\/users\/3"}],"replies":[{"embeddable":true,"href":"https:\/\/www.correiodascidades.com.br\/v1\/wp-json\/wp\/v2\/comments?post=24067"}],"version-history":[{"count":1,"href":"https:\/\/www.correiodascidades.com.br\/v1\/wp-json\/wp\/v2\/posts\/24067\/revisions"}],"predecessor-version":[{"id":24069,"href":"https:\/\/www.correiodascidades.com.br\/v1\/wp-json\/wp\/v2\/posts\/24067\/revisions\/24069"}],"wp:featuredmedia":[{"embeddable":true,"href":"https:\/\/www.correiodascidades.com.br\/v1\/wp-json\/wp\/v2\/media\/24068"}],"wp:attachment":[{"href":"https:\/\/www.correiodascidades.com.br\/v1\/wp-json\/wp\/v2\/media?parent=24067"}],"wp:term":[{"taxonomy":"category","embeddable":true,"href":"https:\/\/www.correiodascidades.com.br\/v1\/wp-json\/wp\/v2\/categories?post=24067"},{"taxonomy":"post_tag","embeddable":true,"href":"https:\/\/www.correiodascidades.com.br\/v1\/wp-json\/wp\/v2\/tags?post=24067"}],"curies":[{"name":"wp","href":"https:\/\/api.w.org\/{rel}","templated":true}]}}