{"id":24072,"date":"2026-09-03T07:06:42","date_gmt":"2026-09-03T10:06:42","guid":{"rendered":"https:\/\/www.correiodascidades.com.br\/v1\/?p=24072"},"modified":"2026-09-03T07:06:42","modified_gmt":"2026-09-03T10:06:42","slug":"banco-master-fachin-diz-que-medidas-serao-anunciadas-no-tempo-devido","status":"publish","type":"post","link":"https:\/\/www.correiodascidades.com.br\/v1\/2026\/09\/03\/banco-master-fachin-diz-que-medidas-serao-anunciadas-no-tempo-devido\/","title":{"rendered":"Banco Master: Fachin diz que medidas ser\u00e3o anunciadas no tempo devido"},"content":{"rendered":"<p><img src=\"https:\/\/www.correiodascidades.com.br\/v1\/wp-content\/uploads\/2026\/09\/Edson-fachin.jpg\" \/><\/p>\n<p><span class=\"dropcap shadow\">O<\/span>\u00a0presidente do Supremo Tribunal Federal (STF), Edson Fachin, disse nesta quarta-feira (2) que vai anunciar \u201cmedidas cab\u00edveis e necess\u00e1rias\u201d diante da revela\u00e7\u00e3o de mensagens enviadas pelo ex-banqueiro Daniel Vorcaro ao ministro da Corte Alexandre de Moraes.<\/p>\n<p>Ao discursar na abertura das 17\u00aa Jornadas \u00cdtalo-Espanholo-Brasileiras de Direito Constitucional, em Bras\u00edlia, Fachin destacou que vai adotar as a\u00e7\u00f5es \u201cno tempo devido e sem precipita\u00e7\u00e3o\u201d.<\/p>\n<p>\u201cEm momentos de especial gravidade, \u00e9 dever de todos preservar a integridade do Supremo Tribunal Federal, a autoridade de suas decis\u00f5es, o respeito \u00e0s suas normas e, acima de tudo, a confian\u00e7a da sociedade na institui\u00e7\u00e3o.\u201d<\/p>\n<p>Em sua fala, o presidente do STF avaliou que \u201cos ind\u00edcios reclamam o devido encaminhamento institucional\u201d, citando que \u201ccircunst\u00e2ncias relacionadas, de um lado, \u00e0 atua\u00e7\u00e3o processual e, de outro, a s\u00e9rios elementos de fatos que exigem desta Presid\u00eancia serenidade, responsabilidade e firmeza\u201d.\u00a0 <!--more--><\/p>\n<p>\u201cA elevada autoridade do cargo n\u00e3o confere privil\u00e9gios, mas imp\u00f5e deveres, limites e responsabilidades, que devem ser observados com absoluto respeito \u00e0 Constitui\u00e7\u00e3o, \u00e0s leis e ao Supremo Tribunal Federal.\u201d<\/p>\n<p>\u201cNos pr\u00f3ximos dias, conclu\u00edda a an\u00e1lise necess\u00e1ria dos fatos e observados os procedimentos institucionais pertinentes, esta Presid\u00eancia anunciar\u00e1, no tempo devido e sem precipita\u00e7\u00e3o, as medidas cab\u00edveis e necess\u00e1ria\u201d, concluiu Fachin.<\/p>\n<h3><strong>Entenda<\/strong><\/h3>\n<p>Investiga\u00e7\u00f5es conduzidas pela Pol\u00edcia Federal (PF) encontraram mensagens trocadas entre Daniel Vorcaro e o ministro Alexandre de Moraes.<\/p>\n<p>As cita\u00e7\u00f5es ao nome de Moraes foram captadas a partir da quebra de sigilo do celular do ex-banqueiro, alvo da Opera\u00e7\u00e3o Compliance Zero, que investiga fraudes financeiras no Banco Master.<\/p>\n<p>O sigilo do relat\u00f3rio de investiga\u00e7\u00e3o foi retirado nessa ter\u00e7a-feira (1\u00b0).<\/p>\n<p>De acordo com a PF, Vorcaro teria conversado diretamente com um contato salvo em nome do ministro. Parte das supostas conversas foi apagada porque o contato usava mensagens de atualiza\u00e7\u00e3o \u00fanica e as escrevia no bloco de notas, mecanismo que impede a recupera\u00e7\u00e3o completa dos dados.<\/p>\n<p>Em uma das mensagens recuperadas, Vorcaro diz ao contato atribu\u00eddo a Moraes que \u201cestava tentando antecipar os investigadores\u201d. A conversa teria ocorrido no dia 17 de novembro de 2025.<\/p>\n<h3><strong>PGR<\/strong><\/h3>\n<p>Na noite de ontem (1\u00ba), o procurador-geral da Rep\u00fablica, Paulo Gonet, defendeu a nulidade da investiga\u00e7\u00e3o da PF.<\/p>\n<p>Na manifesta\u00e7\u00e3o enviada \u00e0 Corte, Gonet disse que o relator do caso, ministro Andr\u00e9 Mendon\u00e7a, investigou Moraes ilegalmente ao determinar o aprofundamento da investiga\u00e7\u00e3o sobre o caso Master para esmiu\u00e7ar as conversas envolvendo Moraes e o ex-banqueiro.<\/p>\n<p>No entendimento do procurador, o aprofundamento da apura\u00e7\u00e3o s\u00f3 poderia ocorrer ap\u00f3s autoriza\u00e7\u00e3o do plen\u00e1rio da Corte.<\/p>\n<p>Pra Gonet, eventual investiga\u00e7\u00e3o contra Moraes deveria ser direcionada ao presidente da Corte, Edson Fachin, que levaria o caso ao plen\u00e1rio, e n\u00e3o diretamente para execu\u00e7\u00e3o da PF.<\/p>\n","protected":false},"excerpt":{"rendered":"<p>O\u00a0presidente do Supremo Tribunal Federal (STF), Edson Fachin, disse nesta quarta-feira (2) que vai anunciar \u201cmedidas cab\u00edveis e necess\u00e1rias\u201d diante da revela\u00e7\u00e3o de mensagens enviadas pelo ex-banqueiro Daniel Vorcaro ao ministro da Corte Alexandre de Moraes. Ao discursar na abertura das 17\u00aa Jornadas \u00cdtalo-Espanholo-Brasileiras de Direito Constitucional, em Bras\u00edlia, Fachin destacou que vai adotar as [&hellip;]<\/p>\n","protected":false},"author":3,"featured_media":24073,"comment_status":"closed","ping_status":"closed","sticky":false,"template":"","format":"standard","meta":{"_links_to":"","_links_to_target":""},"categories":[1],"tags":[],"_links":{"self":[{"href":"https:\/\/www.correiodascidades.com.br\/v1\/wp-json\/wp\/v2\/posts\/24072"}],"collection":[{"href":"https:\/\/www.correiodascidades.com.br\/v1\/wp-json\/wp\/v2\/posts"}],"about":[{"href":"https:\/\/www.correiodascidades.com.br\/v1\/wp-json\/wp\/v2\/types\/post"}],"author":[{"embeddable":true,"href":"https:\/\/www.correiodascidades.com.br\/v1\/wp-json\/wp\/v2\/users\/3"}],"replies":[{"embeddable":true,"href":"https:\/\/www.correiodascidades.com.br\/v1\/wp-json\/wp\/v2\/comments?post=24072"}],"version-history":[{"count":1,"href":"https:\/\/www.correiodascidades.com.br\/v1\/wp-json\/wp\/v2\/posts\/24072\/revisions"}],"predecessor-version":[{"id":24074,"href":"https:\/\/www.correiodascidades.com.br\/v1\/wp-json\/wp\/v2\/posts\/24072\/revisions\/24074"}],"wp:featuredmedia":[{"embeddable":true,"href":"https:\/\/www.correiodascidades.com.br\/v1\/wp-json\/wp\/v2\/media\/24073"}],"wp:attachment":[{"href":"https:\/\/www.correiodascidades.com.br\/v1\/wp-json\/wp\/v2\/media?parent=24072"}],"wp:term":[{"taxonomy":"category","embeddable":true,"href":"https:\/\/www.correiodascidades.com.br\/v1\/wp-json\/wp\/v2\/categories?post=24072"},{"taxonomy":"post_tag","embeddable":true,"href":"https:\/\/www.correiodascidades.com.br\/v1\/wp-json\/wp\/v2\/tags?post=24072"}],"curies":[{"name":"wp","href":"https:\/\/api.w.org\/{rel}","templated":true}]}}