{"id":2416,"date":"2023-01-07T07:50:20","date_gmt":"2023-01-07T10:50:20","guid":{"rendered":"https:\/\/www.correiodascidades.com.br\/v1\/?p=2416"},"modified":"2023-01-07T07:50:20","modified_gmt":"2023-01-07T10:50:20","slug":"eletrobras-chesf-emite-nota-com-relacao-a-barragem-da-pedra-em-jequie","status":"publish","type":"post","link":"https:\/\/www.correiodascidades.com.br\/v1\/2023\/01\/07\/eletrobras-chesf-emite-nota-com-relacao-a-barragem-da-pedra-em-jequie\/","title":{"rendered":"Eletrobras Chesf emite nota com rela\u00e7\u00e3o a Barragem da Pedra, em Jequi\u00e9"},"content":{"rendered":"<p><img loading=\"lazy\" class=\"\" src=\"https:\/\/www.correiodascidades.com.br\/v1\/wp-content\/uploads\/2023\/01\/transferir-_5_.jpeg\" width=\"598\" height=\"339\" \/><\/p>\n<p>A Eletrobras Chesf encaminhou nota ao M\u00eddia Bahia, nesta sexta-feira, informando que apresentar\u00e1 defesa com rela\u00e7\u00e3o as acusa\u00e7\u00f5es ap\u00f3s a libera\u00e7\u00e3o da agua na barragem da Pedra, em Jequi\u00e9, no prazo legal.<!--more--><\/p>\n<p><em>Eletrobras Chesf esclarece que vai apresentar sua defesa no prazo legal, demonstrando que a opera\u00e7\u00e3o realizada no Reservat\u00f3rio da Usina da Pedra, na Bahia, foi correta e necess\u00e1ria, considerando as intensas chuvas ocorridas nos dias 24 e 25 de dezembro de 2022.<\/em><\/p>\n<div class=\"google-auto-placed ap_container\">\n<p><em>Informa tamb\u00e9m, que ir\u00e1 apresentar, no prazo legal, o recurso cab\u00edvel contra a decis\u00e3o judicial proferida.<\/em><\/p>\n<p><em>A Empresa reafirma que a opera\u00e7\u00e3o obedeceu aos procedimentos de seguran\u00e7a, reduzindo as consequ\u00eancias das fortes chuvas ocorridas.<\/em><\/p>\n<p><em>Sem a opera\u00e7\u00e3o correta do reservat\u00f3rio, a vaz\u00e3o nas comunidades a jusante da barragem teria chegado a 4.500 metros c\u00fabicos por segundo, muito superior aos valores observados, com impactos ainda maiores para a popula\u00e7\u00e3o.<\/em><\/p>\n<p>O\u00a0vertimento\u00a0realizado foi necess\u00e1rio para conter a vaz\u00e3o dentro dos limites verificados e para evitar que a barragem entrasse em estado de emerg\u00eancia.<\/p>\n<\/div>\n","protected":false},"excerpt":{"rendered":"<p>A Eletrobras Chesf encaminhou nota ao M\u00eddia Bahia, nesta sexta-feira, informando que apresentar\u00e1 defesa com rela\u00e7\u00e3o as acusa\u00e7\u00f5es ap\u00f3s a libera\u00e7\u00e3o da agua na barragem da Pedra, em Jequi\u00e9, no prazo legal.<\/p>\n","protected":false},"author":3,"featured_media":2417,"comment_status":"closed","ping_status":"closed","sticky":false,"template":"","format":"standard","meta":{"_links_to":"","_links_to_target":""},"categories":[2],"tags":[],"_links":{"self":[{"href":"https:\/\/www.correiodascidades.com.br\/v1\/wp-json\/wp\/v2\/posts\/2416"}],"collection":[{"href":"https:\/\/www.correiodascidades.com.br\/v1\/wp-json\/wp\/v2\/posts"}],"about":[{"href":"https:\/\/www.correiodascidades.com.br\/v1\/wp-json\/wp\/v2\/types\/post"}],"author":[{"embeddable":true,"href":"https:\/\/www.correiodascidades.com.br\/v1\/wp-json\/wp\/v2\/users\/3"}],"replies":[{"embeddable":true,"href":"https:\/\/www.correiodascidades.com.br\/v1\/wp-json\/wp\/v2\/comments?post=2416"}],"version-history":[{"count":1,"href":"https:\/\/www.correiodascidades.com.br\/v1\/wp-json\/wp\/v2\/posts\/2416\/revisions"}],"predecessor-version":[{"id":2418,"href":"https:\/\/www.correiodascidades.com.br\/v1\/wp-json\/wp\/v2\/posts\/2416\/revisions\/2418"}],"wp:featuredmedia":[{"embeddable":true,"href":"https:\/\/www.correiodascidades.com.br\/v1\/wp-json\/wp\/v2\/media\/2417"}],"wp:attachment":[{"href":"https:\/\/www.correiodascidades.com.br\/v1\/wp-json\/wp\/v2\/media?parent=2416"}],"wp:term":[{"taxonomy":"category","embeddable":true,"href":"https:\/\/www.correiodascidades.com.br\/v1\/wp-json\/wp\/v2\/categories?post=2416"},{"taxonomy":"post_tag","embeddable":true,"href":"https:\/\/www.correiodascidades.com.br\/v1\/wp-json\/wp\/v2\/tags?post=2416"}],"curies":[{"name":"wp","href":"https:\/\/api.w.org\/{rel}","templated":true}]}}