{"id":2422,"date":"2023-01-07T08:12:13","date_gmt":"2023-01-07T11:12:13","guid":{"rendered":"https:\/\/www.correiodascidades.com.br\/v1\/?p=2422"},"modified":"2023-01-07T08:13:48","modified_gmt":"2023-01-07T11:13:48","slug":"2422","status":"publish","type":"post","link":"https:\/\/www.correiodascidades.com.br\/v1\/2023\/01\/07\/2422\/","title":{"rendered":"ILH\u00c9UIS: Prefeitura melhora entorno do Aeroporto Jorge Amado e atualiza andamento de obras na cidade"},"content":{"rendered":"<p><img loading=\"lazy\" class=\"\" src=\"https:\/\/www.correiodascidades.com.br\/v1\/wp-content\/uploads\/2023\/01\/transferir-_6_.jpeg\" width=\"604\" height=\"418\" \/><\/p>\n<p>A Prefeitura de Ilh\u00e9us atualizou as informa\u00e7\u00f5es sobre as obras que est\u00e3o em andamento na cidade. Conforme a Secretaria de Infraestrutura e Defesa Civil (Seinfra), as equipes atuam em diversas frentes de servi\u00e7os, que incluem as ruas Juca Pinto, Coronel F\u00e9lix e Avenida Lomanto J\u00fanior, no bairro Pontal, acesso ao aeroporto Jorge Amado; Avenida Soares Lopes; Avenida Canavieiras e Avenida Itabuna. <!--more--><\/p>\n<p>O trabalho tamb\u00e9m segue no Alto do Amparo; Rua Santar\u00e9m; nas pra\u00e7as Castro Alves e Misael Tavares; Avenida Vereador Jos\u00e9 Fernandes; Rua Am\u00e9lia Pacheco; Canal do Malhado; Alto do Socorro e Rua Boa Vista.<\/p>\n<p>&nbsp;<\/p>\n<div class=\"imagem thumbnail col-xs-12 col-sm-8 col-md-6 col-lg-6 imagem-materia\">\n<p><a class=\"fresco\" title=\"Avenida Itabuna\" href=\"https:\/\/portalfacilarquivos.blob.core.windows.net\/uploads\/ILHEUS\/imgOrig\/%7BE7BA1CAC-CE6A-CEC0-DBDE-B38E5CD46052%7D.jpg\" class=\"gallery_colorbox\" data-fresco-caption=\"Avenida Itabuna\"><img loading=\"lazy\" title=\"Avenida Itabuna\" src=\"https:\/\/portalfacilarquivos.blob.core.windows.net\/uploads\/ILHEUS\/img\/%7BE7BA1CAC-CE6A-CEC0-DBDE-B38E5CD46052%7D\/%7BE7BA1CAC-CE6A-CEC0-DBDE-B38E5CD46052%7D_650X450.jpg\"  alt=\"Obras; seinfra\" width=\"650\" height=\"450\" \/><\/a><\/p>\n<p class=\"bg-primary\">Avenida Itabuna<\/p>\n<\/div>\n<p>&nbsp;<\/p>\n<p>A Seinfra explica que a atualiza\u00e7\u00e3o \u00e9 di\u00e1ria. As obras t\u00eam como objetivo melhorar o acesso \u00e0s ruas com fluxo intenso de ve\u00edculos e garantir conforto e bem-estar ao cidad\u00e3o. No bairro Pontal, por exemplo, as equipes realizam os servi\u00e7os h\u00e1 mais de seis meses, em atendimento \u00e0s demandas da popula\u00e7\u00e3o.<\/p>\n<p><strong>Servi\u00e7os<\/strong><\/p>\n<p>&#8211; Avenida Soares Lopes &#8211; reassentamento de pedras portuguesas;<\/p>\n<p>&#8211; Rua Juca Pinto (acesso ao Aeroporto Jorge Amado) &#8211; desobstru\u00e7\u00e3o da rede de drenagem e troca de manilhas;<\/p>\n<p>&#8211; Avenida Itabuna &#8211; servi\u00e7o de tapa-buraco;<\/p>\n<p>&#8211; Avenida Canavieiras &#8211; servi\u00e7o de tapa-buraco;<\/p>\n<p>&#8211; Lateral do Aeroporto Jorge Amado (sentido Nelson Costa) &#8211; servi\u00e7o de tapa-buraco;<\/p>\n<p>&nbsp;<\/p>\n<div class=\"imagem thumbnail col-xs-12 col-sm-8 col-md-6 col-lg-6 imagem-materia\">\n<p><a class=\"fresco\" title=\"Alto do Socorro\" href=\"https:\/\/portalfacilarquivos.blob.core.windows.net\/uploads\/ILHEUS\/imgOrig\/%7B462DAD7C-BDEE-B7D0-3CB1-8ED0EE1ED3DD%7D.jpg\" class=\"gallery_colorbox\" data-fresco-caption=\"Alto do Socorro\"><img loading=\"lazy\" title=\"Alto do Socorro\" src=\"https:\/\/portalfacilarquivos.blob.core.windows.net\/uploads\/ILHEUS\/img\/%7B462DAD7C-BDEE-B7D0-3CB1-8ED0EE1ED3DD%7D\/%7B462DAD7C-BDEE-B7D0-3CB1-8ED0EE1ED3DD%7D_650X450.jpg\"  alt=\"Obras; seinfra\" width=\"650\" height=\"450\" \/><\/a><\/p>\n<p class=\"bg-primary\">Alto do Socorro<\/p>\n<\/div>\n<p>&nbsp;<\/p>\n<p>&#8211; Rua Coronel F\u00e9lix (acesso ao Aeroporto Jorge Amado) &#8211; reassentamento de paralelo;<\/p>\n<p>&#8211; Pavimenta\u00e7\u00e3o da Rua Bela Vista &#8211; assentamento de paralelep\u00edpedo; rejuntamento de paralelep\u00edpedo; execu\u00e7\u00e3o de colch\u00e3o de areia e execu\u00e7\u00e3o de conten\u00e7\u00e3o. A obra possui 63% de avan\u00e7o f\u00edsico;<\/p>\n<p>&#8211; Pavimenta\u00e7\u00e3o da Rua Santar\u00e9m (acesso ao Hospital Materno-Infantil) \u2013 nivelamento de base para execu\u00e7\u00e3o de meio-fio e sarjeta com extrusora; nivelamento de base para execu\u00e7\u00e3o de passeio e execu\u00e7\u00e3o de meio-fio e sarjeta com extrusora. A obra possui 63% de avan\u00e7o f\u00edsico;<\/p>\n<p>&#8211; Moderniza\u00e7\u00e3o da Pra\u00e7a Castro Alves &#8211; assentamento do intertravado; assentamento das portas dos quiosques; limpeza e reboco dos quiosques;<\/p>\n<p>&nbsp;<\/p>\n<div class=\"imagem thumbnail col-xs-12 col-sm-8 col-md-6 col-lg-6 imagem-materia\">\n<p><a class=\"fresco\" title=\"Canal do Malhado\" href=\"https:\/\/portalfacilarquivos.blob.core.windows.net\/uploads\/ILHEUS\/imgOrig\/%7BDADBB834-5B74-AE4C-3406-8AC6EC0CE1CE%7D.jpg\" class=\"gallery_colorbox\" data-fresco-caption=\"Canal do Malhado\"><img loading=\"lazy\" title=\"Canal do Malhado\" src=\"https:\/\/portalfacilarquivos.blob.core.windows.net\/uploads\/ILHEUS\/img\/%7BDADBB834-5B74-AE4C-3406-8AC6EC0CE1CE%7D\/%7BDADBB834-5B74-AE4C-3406-8AC6EC0CE1CE%7D_650X450.jpg\"  alt=\"Obras; seinfra\" width=\"650\" height=\"450\" \/><\/a><\/p>\n<p class=\"bg-primary\">Canal do Malhado<\/p>\n<\/div>\n<p>&nbsp;<\/p>\n<p>&#8211; Moderniza\u00e7\u00e3o Pra\u00e7a Misael Tavares &#8211; assentamento do intertravado; assentamento do meio-fio; montagem e concretagem da funda\u00e7\u00e3o dos quiosques;<\/p>\n<p>&#8211; Encosta Dois de Julho (Alto do Amparo) &#8211; retirada de terra marca\u00e7\u00e3o para o ponto de perfura\u00e7\u00e3o;<\/p>\n<p>&#8211; Pavimenta\u00e7\u00e3o Rua Boa Vista (Nelson Costa) &#8211; demoli\u00e7\u00e3o de piso; inspe\u00e7\u00e3o das tubula\u00e7\u00f5es e an\u00e1lise de compatibilidade com projeto;<\/p>\n<p>&#8211; Fechamento do Canal do Malhado \u2013 instala\u00e7\u00e3o de estaca-prancha e limpeza. A obra possui 12% de avan\u00e7o f\u00edsico.<\/p>\n<p>Requalifica\u00e7\u00e3o da Avenida Vereador Jos\u00e9 Fernandes (Teot\u00f4nio Vilela) &#8211; execu\u00e7\u00e3o do muro de conten\u00e7\u00e3o; aterro manual e passeio em concreto armado;<\/p>\n<p>Pavimenta\u00e7\u00e3o da Rua Am\u00e9lia Pacheco (Boa Vista) &#8211; execu\u00e7\u00e3o de passeio; execu\u00e7\u00e3o de pavimenta\u00e7\u00e3o em paralelep\u00edpedo e assentamento de meio-fio. A obra possui 70% de avan\u00e7o f\u00edsico.<\/p>\n<p>&nbsp;<\/p>\n<div class=\"imagem thumbnail col-xs-12 col-sm-8 col-md-6 col-lg-6 imagem-materia\">\n<p><a class=\"fresco\" title=\"Rua Juca Pinto\" href=\"https:\/\/portalfacilarquivos.blob.core.windows.net\/uploads\/ILHEUS\/imgOrig\/%7BB2AB71D7-424A-D417-622E-D2AE165E66DE%7D.jpg\" class=\"gallery_colorbox\" data-fresco-caption=\"Rua Juca Pinto\"><img loading=\"lazy\" title=\"Rua Juca Pinto\" src=\"https:\/\/portalfacilarquivos.blob.core.windows.net\/uploads\/ILHEUS\/img\/%7BB2AB71D7-424A-D417-622E-D2AE165E66DE%7D\/%7BB2AB71D7-424A-D417-622E-D2AE165E66DE%7D_650X450.jpg\"  alt=\"Obras; seinfra\" width=\"650\" height=\"450\" \/><\/a><\/p>\n<p class=\"bg-primary\">Rua Juca Pinto<\/p>\n<\/div>\n","protected":false},"excerpt":{"rendered":"<p>A Prefeitura de Ilh\u00e9us atualizou as informa\u00e7\u00f5es sobre as obras que est\u00e3o em andamento na cidade. Conforme a Secretaria de Infraestrutura e Defesa Civil (Seinfra), as equipes atuam em diversas frentes de servi\u00e7os, que incluem as ruas Juca Pinto, Coronel F\u00e9lix e Avenida Lomanto J\u00fanior, no bairro Pontal, acesso ao aeroporto Jorge Amado; Avenida Soares [&hellip;]<\/p>\n","protected":false},"author":3,"featured_media":2423,"comment_status":"closed","ping_status":"closed","sticky":false,"template":"","format":"standard","meta":{"_links_to":"","_links_to_target":""},"categories":[2],"tags":[],"_links":{"self":[{"href":"https:\/\/www.correiodascidades.com.br\/v1\/wp-json\/wp\/v2\/posts\/2422"}],"collection":[{"href":"https:\/\/www.correiodascidades.com.br\/v1\/wp-json\/wp\/v2\/posts"}],"about":[{"href":"https:\/\/www.correiodascidades.com.br\/v1\/wp-json\/wp\/v2\/types\/post"}],"author":[{"embeddable":true,"href":"https:\/\/www.correiodascidades.com.br\/v1\/wp-json\/wp\/v2\/users\/3"}],"replies":[{"embeddable":true,"href":"https:\/\/www.correiodascidades.com.br\/v1\/wp-json\/wp\/v2\/comments?post=2422"}],"version-history":[{"count":3,"href":"https:\/\/www.correiodascidades.com.br\/v1\/wp-json\/wp\/v2\/posts\/2422\/revisions"}],"predecessor-version":[{"id":2426,"href":"https:\/\/www.correiodascidades.com.br\/v1\/wp-json\/wp\/v2\/posts\/2422\/revisions\/2426"}],"wp:featuredmedia":[{"embeddable":true,"href":"https:\/\/www.correiodascidades.com.br\/v1\/wp-json\/wp\/v2\/media\/2423"}],"wp:attachment":[{"href":"https:\/\/www.correiodascidades.com.br\/v1\/wp-json\/wp\/v2\/media?parent=2422"}],"wp:term":[{"taxonomy":"category","embeddable":true,"href":"https:\/\/www.correiodascidades.com.br\/v1\/wp-json\/wp\/v2\/categories?post=2422"},{"taxonomy":"post_tag","embeddable":true,"href":"https:\/\/www.correiodascidades.com.br\/v1\/wp-json\/wp\/v2\/tags?post=2422"}],"curies":[{"name":"wp","href":"https:\/\/api.w.org\/{rel}","templated":true}]}}