{"id":2430,"date":"2023-01-07T21:40:15","date_gmt":"2023-01-08T00:40:15","guid":{"rendered":"https:\/\/www.correiodascidades.com.br\/v1\/?p=2430"},"modified":"2023-01-07T21:40:15","modified_gmt":"2023-01-08T00:40:15","slug":"jeronimo-rodrigues-e-rui-costa-discutem-projetos-e-investimentos-na-bahia","status":"publish","type":"post","link":"https:\/\/www.correiodascidades.com.br\/v1\/2023\/01\/07\/jeronimo-rodrigues-e-rui-costa-discutem-projetos-e-investimentos-na-bahia\/","title":{"rendered":"Jer\u00f4nimo Rodrigues e Rui Costa discutem projetos e investimentos na Bahia"},"content":{"rendered":"<p><img loading=\"lazy\" class=\"\" src=\"https:\/\/www.correiodascidades.com.br\/v1\/wp-content\/uploads\/2023\/01\/JERONIMO-E-RUI-COSTA-07-03.jpg\" width=\"590\" height=\"331\" \/><\/p>\n<p>O governador Jer\u00f4nimo Rodrigues realizou na manh\u00e3 deste s\u00e1bado (7) uma reuni\u00e3o com o ministro da Casa Civil da Presid\u00eancia da Rep\u00fablica, Rui Costa, para dialogar sobre obras e investimentos na Bahia. O encontro \u00e9 parte do trabalho de transi\u00e7\u00e3o do governo e alinhamento de projetos do governo da Bahia com a esfera federal. <!--more--><\/p>\n<p>Jer\u00f4nimo explicou que o di\u00e1logo com o ministro e ex-governador do estado, Rui Costa, tem sido constante.<\/p>\n<blockquote><p>\u201cN\u00f3s estamos tratando de projetos que est\u00e3o prontos para serem entregues, ou aqueles em transi\u00e7\u00e3o ou elabora\u00e7\u00e3o para entrar em licita\u00e7\u00e3o. Al\u00e9m daqueles que queremos pensar para o per\u00edodo de quatro anos\u201d, relatou.<\/p><\/blockquote>\n<p>O ministro Rui Costa tamb\u00e9m levantou alguns dos projetos da sua gest\u00e3o ainda como governador que est\u00e3o em finaliza\u00e7\u00e3o e com datas pr\u00f3ximas de entrega e deu uma pr\u00e9via do di\u00e1logo com o governador e outros representantes do estado.<\/p>\n<p>\u201cEsses (projetos) foram apresentados para a Casa Civil do Governo Federal. Tamb\u00e9m falamos das prioridades do presidente Lula na \u00e1rea do saneamento; do (programa) Minha Casa, Minha Vida; de projetos estruturantes na \u00e1rea da educa\u00e7\u00e3o, como a escola em tempo integral, e de investimentos na \u00e1rea da sa\u00fade. Ou seja, vendo o que ele j\u00e1 est\u00e1 elaborando e buscando esse alinhamento com os projetos federais\u201d, frisou Rui.<\/p>\n<p>Os gestores tamb\u00e9m conversaram sobre uma futura visita do presidente Lula \u00e0 Bahia em entregas de obras no estado, como constru\u00e7\u00f5es do programa Minha Casa, Minha Vida ou de escolas de ensino integral na Bahia.<\/p>\n<p>Tamb\u00e9m estavam presentes no encontro, o vice-governador Geraldo J\u00fanior; o presidente da Conder, Jos\u00e9 Trindade; e os secret\u00e1rios a serem nomeados, ap\u00f3s desincompatibiliza\u00e7\u00e3o de cargos na C\u00e2mara Federal, Afonso Florence (Casa Civil) e Jusmari Oliveira (Sedur).<\/p>\n","protected":false},"excerpt":{"rendered":"<p>O governador Jer\u00f4nimo Rodrigues realizou na manh\u00e3 deste s\u00e1bado (7) uma reuni\u00e3o com o ministro da Casa Civil da Presid\u00eancia da Rep\u00fablica, Rui Costa, para dialogar sobre obras e investimentos na Bahia. O encontro \u00e9 parte do trabalho de transi\u00e7\u00e3o do governo e alinhamento de projetos do governo da Bahia com a esfera federal.<\/p>\n","protected":false},"author":3,"featured_media":2431,"comment_status":"closed","ping_status":"closed","sticky":false,"template":"","format":"standard","meta":{"_links_to":"","_links_to_target":""},"categories":[2],"tags":[],"_links":{"self":[{"href":"https:\/\/www.correiodascidades.com.br\/v1\/wp-json\/wp\/v2\/posts\/2430"}],"collection":[{"href":"https:\/\/www.correiodascidades.com.br\/v1\/wp-json\/wp\/v2\/posts"}],"about":[{"href":"https:\/\/www.correiodascidades.com.br\/v1\/wp-json\/wp\/v2\/types\/post"}],"author":[{"embeddable":true,"href":"https:\/\/www.correiodascidades.com.br\/v1\/wp-json\/wp\/v2\/users\/3"}],"replies":[{"embeddable":true,"href":"https:\/\/www.correiodascidades.com.br\/v1\/wp-json\/wp\/v2\/comments?post=2430"}],"version-history":[{"count":1,"href":"https:\/\/www.correiodascidades.com.br\/v1\/wp-json\/wp\/v2\/posts\/2430\/revisions"}],"predecessor-version":[{"id":2432,"href":"https:\/\/www.correiodascidades.com.br\/v1\/wp-json\/wp\/v2\/posts\/2430\/revisions\/2432"}],"wp:featuredmedia":[{"embeddable":true,"href":"https:\/\/www.correiodascidades.com.br\/v1\/wp-json\/wp\/v2\/media\/2431"}],"wp:attachment":[{"href":"https:\/\/www.correiodascidades.com.br\/v1\/wp-json\/wp\/v2\/media?parent=2430"}],"wp:term":[{"taxonomy":"category","embeddable":true,"href":"https:\/\/www.correiodascidades.com.br\/v1\/wp-json\/wp\/v2\/categories?post=2430"},{"taxonomy":"post_tag","embeddable":true,"href":"https:\/\/www.correiodascidades.com.br\/v1\/wp-json\/wp\/v2\/tags?post=2430"}],"curies":[{"name":"wp","href":"https:\/\/api.w.org\/{rel}","templated":true}]}}