{"id":2454,"date":"2023-01-10T06:08:03","date_gmt":"2023-01-10T09:08:03","guid":{"rendered":"https:\/\/www.correiodascidades.com.br\/v1\/?p=2454"},"modified":"2023-01-10T06:08:59","modified_gmt":"2023-01-10T09:08:59","slug":"hospital-em-orlando-nega-internacao-de-bolsonaro","status":"publish","type":"post","link":"https:\/\/www.correiodascidades.com.br\/v1\/2023\/01\/10\/hospital-em-orlando-nega-internacao-de-bolsonaro\/","title":{"rendered":"Hospital em Orlando nega interna\u00e7\u00e3o de Bolsonaro"},"content":{"rendered":"<p><img loading=\"lazy\" class=\"\" src=\"https:\/\/www.correiodascidades.com.br\/v1\/wp-content\/uploads\/2023\/01\/Jair-Bolsonaro9-1-e1673341667182.jpg\" width=\"599\" height=\"419\" \/><\/p>\n<p>O hospital Florida AdventHealth Celebration, nos Estados Unidos, negou que o ex-presidente Jair Bolsonaro esteja internado no local, conforme foi anunciado. A informa\u00e7\u00e3o \u00e9 da reportagem do Estado de Minas, que entrou em contato com o estabelecimento em Orlando, na Fl\u00f3rida. <!--more-->A reportagem afirma que o setor de interna\u00e7\u00e3o hospital afirmou que n\u00e3o h\u00e1 nenhum paciente com o nome do ex-presidente brasileiro, ap\u00f3s ser necess\u00e1rio soletrar o sobrenome de Bolsonaro para a confirma\u00e7\u00e3o.<\/p>\n<p>A ex-primeira-dama do Brasil, Michelle Bolsonaro, chegou a pedir ora\u00e7\u00f5es ao ex-presidente em publica\u00e7\u00e3o no Instagram.<\/p>\n","protected":false},"excerpt":{"rendered":"<p>O hospital Florida AdventHealth Celebration, nos Estados Unidos, negou que o ex-presidente Jair Bolsonaro esteja internado no local, conforme foi anunciado. A informa\u00e7\u00e3o \u00e9 da reportagem do Estado de Minas, que entrou em contato com o estabelecimento em Orlando, na Fl\u00f3rida.<\/p>\n","protected":false},"author":3,"featured_media":2455,"comment_status":"closed","ping_status":"closed","sticky":false,"template":"","format":"standard","meta":{"_links_to":"","_links_to_target":""},"categories":[2],"tags":[],"_links":{"self":[{"href":"https:\/\/www.correiodascidades.com.br\/v1\/wp-json\/wp\/v2\/posts\/2454"}],"collection":[{"href":"https:\/\/www.correiodascidades.com.br\/v1\/wp-json\/wp\/v2\/posts"}],"about":[{"href":"https:\/\/www.correiodascidades.com.br\/v1\/wp-json\/wp\/v2\/types\/post"}],"author":[{"embeddable":true,"href":"https:\/\/www.correiodascidades.com.br\/v1\/wp-json\/wp\/v2\/users\/3"}],"replies":[{"embeddable":true,"href":"https:\/\/www.correiodascidades.com.br\/v1\/wp-json\/wp\/v2\/comments?post=2454"}],"version-history":[{"count":2,"href":"https:\/\/www.correiodascidades.com.br\/v1\/wp-json\/wp\/v2\/posts\/2454\/revisions"}],"predecessor-version":[{"id":2457,"href":"https:\/\/www.correiodascidades.com.br\/v1\/wp-json\/wp\/v2\/posts\/2454\/revisions\/2457"}],"wp:featuredmedia":[{"embeddable":true,"href":"https:\/\/www.correiodascidades.com.br\/v1\/wp-json\/wp\/v2\/media\/2455"}],"wp:attachment":[{"href":"https:\/\/www.correiodascidades.com.br\/v1\/wp-json\/wp\/v2\/media?parent=2454"}],"wp:term":[{"taxonomy":"category","embeddable":true,"href":"https:\/\/www.correiodascidades.com.br\/v1\/wp-json\/wp\/v2\/categories?post=2454"},{"taxonomy":"post_tag","embeddable":true,"href":"https:\/\/www.correiodascidades.com.br\/v1\/wp-json\/wp\/v2\/tags?post=2454"}],"curies":[{"name":"wp","href":"https:\/\/api.w.org\/{rel}","templated":true}]}}