{"id":2461,"date":"2023-01-10T06:38:49","date_gmt":"2023-01-10T09:38:49","guid":{"rendered":"https:\/\/www.correiodascidades.com.br\/v1\/?p=2461"},"modified":"2023-01-10T06:39:16","modified_gmt":"2023-01-10T09:39:16","slug":"em-sua-1a-etapa-corrida-da-praia-atrai-multidao-de-participantes-no-litoral-sul-de-ilheus","status":"publish","type":"post","link":"https:\/\/www.correiodascidades.com.br\/v1\/2023\/01\/10\/em-sua-1a-etapa-corrida-da-praia-atrai-multidao-de-participantes-no-litoral-sul-de-ilheus\/","title":{"rendered":"Em sua 1\u00aa etapa, Corrida da Praia atrai multid\u00e3o de participantes no litoral sul de Ilh\u00e9us"},"content":{"rendered":"<p><img loading=\"lazy\" class=\"\" src=\"https:\/\/www.correiodascidades.com.br\/v1\/wp-content\/uploads\/2023\/01\/praia-1.jpeg\" width=\"606\" height=\"415\" \/><\/p>\n<p style=\"font-weight: 400;\">Foi dada largada da 1\u00aa etapa da Corrida da Praia, realizada no litoral sul de Ilh\u00e9us. O evento aconteceu na manh\u00e3 deste domingo (8) e reuniu cerca de 200 atletas, que percorreram cinco quil\u00f4metros. A iniciativa \u00e9 da Sport Ativo, com apoio da Prefeitura. Familiares e moradores tamb\u00e9m estiveram presentes para aproveitar a manh\u00e3 quente e torcer. <!--more--><br \/>\nO diferencial desta corrida \u00e9 o percurso, que acontece nas areias das praias, fato que para muitos atletas serve como um est\u00edmulo. O sol e o calor tamb\u00e9m tornaram\u00a0o percurso ainda mais desafiador. A 2\u00aa etapa da Corrida da Praia acontece no dia 2 de abril, na Praia de Mamo\u00e3, Zona Norte do munic\u00edpio.<\/p>\n<p style=\"font-weight: 400;\">\u201cPromover a atividade f\u00edsica ao ar livre \u00e9 bom para todo mundo, porque gera sa\u00fade, al\u00e9m de fomentar o turismo e o desenvolvimento do com\u00e9rcio. Este evento foi especialmente pensado no atleta, nos corredores de rua. A gente est\u00e1 trazendo a etapa para a praia justamente para mostrar as belezas naturais de Ilh\u00e9us, que s\u00e3o muitas\u201d, frisou Eduardo Lessa, organizador do evento.<\/p>\n<p style=\"font-weight: 400;\">O secret\u00e1rio de Esportes, S\u00e9rgio Luiz, destacou a relev\u00e2ncia da corrida para a retomada dos eventos no p\u00f3s- pandemia.<\/p>\n<p style=\"font-weight: 400;\">\u201cUm momento muito importante para o nosso munic\u00edpio, que agora est\u00e1 em erup\u00e7\u00e3o. S\u00e3o diversas etapas realizadas at\u00e9 aqui, onde j\u00e1 tivemos o atletismo, triathlon, xadrez, enfim, a cidade est\u00e1 em festa. Quero agradecer ao prefeito M\u00e1rio Alexandre por sempre abra\u00e7ar e apoiar eventos como esse\u201d.<\/p>\n<p style=\"font-weight: 400;\">Todos os corredores receberam medalhas de participa\u00e7\u00e3o. J\u00e1 os ganhadores receberam pr\u00eamios com trof\u00e9us e dinheiro.<\/p>\n<p style=\"font-weight: 400;\">\u201cFoi um evento muito bom, pois fomenta o esporte e tamb\u00e9m convida as pessoas para conhecerem as nossas praias. O esporte em si \u00e9 maravilhoso, porque promove a sa\u00fade e melhora a mente\u201d, disse o atleta Rodrigo Santos.<\/p>\n<p style=\"font-weight: 400;\"><strong>Premia\u00e7\u00e3o da Corrida da Praia<\/strong><\/p>\n<p style=\"font-weight: 400;\">5 km<\/p>\n<p style=\"font-weight: 400;\">1\u00ba lugar (R$ 200+Trof\u00e9u) \u2013 Thiago Ara\u00fajo<br \/>\n2\u00ba lugar (R$ 100 +Trof\u00e9u) \u2013 Ant\u00f4nio Raimundo<br \/>\n3\u00ba lugar (R$ 70 + Trof\u00e9u) \u00a0\u2013 L\u00e9o<\/p>\n","protected":false},"excerpt":{"rendered":"<p>Foi dada largada da 1\u00aa etapa da Corrida da Praia, realizada no litoral sul de Ilh\u00e9us. O evento aconteceu na manh\u00e3 deste domingo (8) e reuniu cerca de 200 atletas, que percorreram cinco quil\u00f4metros. A iniciativa \u00e9 da Sport Ativo, com apoio da Prefeitura. Familiares e moradores tamb\u00e9m estiveram presentes para aproveitar a manh\u00e3 quente [&hellip;]<\/p>\n","protected":false},"author":3,"featured_media":2462,"comment_status":"closed","ping_status":"closed","sticky":false,"template":"","format":"standard","meta":{"_links_to":"","_links_to_target":""},"categories":[2],"tags":[],"_links":{"self":[{"href":"https:\/\/www.correiodascidades.com.br\/v1\/wp-json\/wp\/v2\/posts\/2461"}],"collection":[{"href":"https:\/\/www.correiodascidades.com.br\/v1\/wp-json\/wp\/v2\/posts"}],"about":[{"href":"https:\/\/www.correiodascidades.com.br\/v1\/wp-json\/wp\/v2\/types\/post"}],"author":[{"embeddable":true,"href":"https:\/\/www.correiodascidades.com.br\/v1\/wp-json\/wp\/v2\/users\/3"}],"replies":[{"embeddable":true,"href":"https:\/\/www.correiodascidades.com.br\/v1\/wp-json\/wp\/v2\/comments?post=2461"}],"version-history":[{"count":1,"href":"https:\/\/www.correiodascidades.com.br\/v1\/wp-json\/wp\/v2\/posts\/2461\/revisions"}],"predecessor-version":[{"id":2463,"href":"https:\/\/www.correiodascidades.com.br\/v1\/wp-json\/wp\/v2\/posts\/2461\/revisions\/2463"}],"wp:featuredmedia":[{"embeddable":true,"href":"https:\/\/www.correiodascidades.com.br\/v1\/wp-json\/wp\/v2\/media\/2462"}],"wp:attachment":[{"href":"https:\/\/www.correiodascidades.com.br\/v1\/wp-json\/wp\/v2\/media?parent=2461"}],"wp:term":[{"taxonomy":"category","embeddable":true,"href":"https:\/\/www.correiodascidades.com.br\/v1\/wp-json\/wp\/v2\/categories?post=2461"},{"taxonomy":"post_tag","embeddable":true,"href":"https:\/\/www.correiodascidades.com.br\/v1\/wp-json\/wp\/v2\/tags?post=2461"}],"curies":[{"name":"wp","href":"https:\/\/api.w.org\/{rel}","templated":true}]}}