{"id":2466,"date":"2023-01-10T07:16:06","date_gmt":"2023-01-10T10:16:06","guid":{"rendered":"https:\/\/www.correiodascidades.com.br\/v1\/?p=2466"},"modified":"2023-01-10T07:16:06","modified_gmt":"2023-01-10T10:16:06","slug":"vereadora-enilda-mendonca-coloca-nota-de-repudio-nos-atos-praticados-em-brasilia","status":"publish","type":"post","link":"https:\/\/www.correiodascidades.com.br\/v1\/2023\/01\/10\/vereadora-enilda-mendonca-coloca-nota-de-repudio-nos-atos-praticados-em-brasilia\/","title":{"rendered":"Vereadora Enilda Mendon\u00e7a coloca nota de rep\u00fadio nos atos praticados em Bras\u00edlia."},"content":{"rendered":"<p><img loading=\"lazy\" class=\"\" src=\"https:\/\/www.correiodascidades.com.br\/v1\/wp-content\/uploads\/2023\/01\/transferir.jpeg\" width=\"598\" height=\"338\" \/><\/p>\n<p>A Vereadora da cidade de Ilh\u00e9us pelo partido dos Trabalhadores (PT), professora Enilda-demostrou indigna\u00e7\u00e3o e rep\u00fadio aos atos antidemocr\u00e1ticos que aconteceram em Bras\u00edlia Distrito Federal neste domingo (08). <!--more--><\/p>\n<p>Enilda emitiu nota de repudio. Veja a nota<\/p>\n<p><img src=\"https:\/\/www.correiodascidades.com.br\/v1\/wp-content\/uploads\/2023\/01\/3055b111-c97f-4fa4-9cf3-d322c37072af-1-esta-300x300.jpeg\" \/><\/p>\n<p>&nbsp;<\/p>\n","protected":false},"excerpt":{"rendered":"<p>A Vereadora da cidade de Ilh\u00e9us pelo partido dos Trabalhadores (PT), professora Enilda-demostrou indigna\u00e7\u00e3o e rep\u00fadio aos atos antidemocr\u00e1ticos que aconteceram em Bras\u00edlia Distrito Federal neste domingo (08).<\/p>\n","protected":false},"author":3,"featured_media":2468,"comment_status":"closed","ping_status":"closed","sticky":false,"template":"","format":"standard","meta":{"_links_to":"","_links_to_target":""},"categories":[2],"tags":[],"_links":{"self":[{"href":"https:\/\/www.correiodascidades.com.br\/v1\/wp-json\/wp\/v2\/posts\/2466"}],"collection":[{"href":"https:\/\/www.correiodascidades.com.br\/v1\/wp-json\/wp\/v2\/posts"}],"about":[{"href":"https:\/\/www.correiodascidades.com.br\/v1\/wp-json\/wp\/v2\/types\/post"}],"author":[{"embeddable":true,"href":"https:\/\/www.correiodascidades.com.br\/v1\/wp-json\/wp\/v2\/users\/3"}],"replies":[{"embeddable":true,"href":"https:\/\/www.correiodascidades.com.br\/v1\/wp-json\/wp\/v2\/comments?post=2466"}],"version-history":[{"count":1,"href":"https:\/\/www.correiodascidades.com.br\/v1\/wp-json\/wp\/v2\/posts\/2466\/revisions"}],"predecessor-version":[{"id":2469,"href":"https:\/\/www.correiodascidades.com.br\/v1\/wp-json\/wp\/v2\/posts\/2466\/revisions\/2469"}],"wp:featuredmedia":[{"embeddable":true,"href":"https:\/\/www.correiodascidades.com.br\/v1\/wp-json\/wp\/v2\/media\/2468"}],"wp:attachment":[{"href":"https:\/\/www.correiodascidades.com.br\/v1\/wp-json\/wp\/v2\/media?parent=2466"}],"wp:term":[{"taxonomy":"category","embeddable":true,"href":"https:\/\/www.correiodascidades.com.br\/v1\/wp-json\/wp\/v2\/categories?post=2466"},{"taxonomy":"post_tag","embeddable":true,"href":"https:\/\/www.correiodascidades.com.br\/v1\/wp-json\/wp\/v2\/tags?post=2466"}],"curies":[{"name":"wp","href":"https:\/\/api.w.org\/{rel}","templated":true}]}}