{"id":2486,"date":"2023-01-12T19:09:11","date_gmt":"2023-01-12T22:09:11","guid":{"rendered":"https:\/\/www.correiodascidades.com.br\/v1\/?p=2486"},"modified":"2023-01-13T06:45:03","modified_gmt":"2023-01-13T09:45:03","slug":"ilheus-o-transito-pode-ser-travado-nesta-sexta-por-manifestacoes-nos-quatro-cantos-nas-principais-vias-de-acesso","status":"publish","type":"post","link":"https:\/\/www.correiodascidades.com.br\/v1\/2023\/01\/12\/ilheus-o-transito-pode-ser-travado-nesta-sexta-por-manifestacoes-nos-quatro-cantos-nas-principais-vias-de-acesso\/","title":{"rendered":"Ilh\u00e9us: O Transito pode ser travado nesta sexta por manifesta\u00e7\u00f5es nos quatro cantos nas principais vias de acesso"},"content":{"rendered":"<p><img src=\"https:\/\/www.correiodascidades.com.br\/v1\/wp-content\/uploads\/2023\/01\/transferir-_2_-salva.jpg\" \/><\/p>\n<p>Nesta sexta feira (13), primeira sexta treze do m\u00eas o povo da Zona Norte da cidade promete fazer uma manifesta\u00e7\u00e3o, fechando a pista de acesso e movimento da Br em frente ao Chocolate Caseiro as 05:00 horas\u00a0 sem ter hora para acabar enquanto n\u00e3o tiverem uma resposta sobre a situa\u00e7\u00e3o que est\u00e1 a Zona Norte contudo quebrado. <!--more--><\/p>\n<p>Os organizadores dizem n\u00e3o aguentarem mais a situa\u00e7\u00e3o. Os propriet\u00e1rios de carros que passam por ali todos os dias contam os preju\u00edzos alcan\u00e7ados.<\/p>\n<p>O secret\u00e1rio de Infraestrutura \u00c1tila D\u00f3cio, n\u00e3o est\u00e1 nada preocupado em resolver o problema, deste local\u00a0 como o de outros locais. O prefeito disse que a quest\u00e3o da Zona Norte, ficou a cargo do Goiverno do Estado\u00a0pois, al\u00ed \u00e9 uma BA, e vai ser revitalizada.<\/p>\n<p>Enquanto isso, a cidade segue esburacada e a popula\u00e7\u00e3o chateada. Na Zona Sul n\u00e3o \u00e9 diferente o povo tamb\u00e9m na bronca com o prefeito por conta do Secret\u00e1rio que virou as costas para o problema dizem tamb\u00e9m que v\u00e3o protestar podendo ser no mesmo dia.<\/p>\n<p>A cidade pode travar nesta \u00a0sexta, dia em que a cidade ter\u00e1 mais um navio de Turismo, e o povo que for sair para conhecer o interior da cidade ficar\u00e1 preso no engarrafamento.<\/p>\n<p>&nbsp;<\/p>\n","protected":false},"excerpt":{"rendered":"<p>Nesta sexta feira (13), primeira sexta treze do m\u00eas o povo da Zona Norte da cidade promete fazer uma manifesta\u00e7\u00e3o, fechando a pista de acesso e movimento da Br em frente ao Chocolate Caseiro as 05:00 horas\u00a0 sem ter hora para acabar enquanto n\u00e3o tiverem uma resposta sobre a situa\u00e7\u00e3o que est\u00e1 a Zona Norte [&hellip;]<\/p>\n","protected":false},"author":3,"featured_media":2499,"comment_status":"closed","ping_status":"closed","sticky":false,"template":"","format":"standard","meta":{"_links_to":"","_links_to_target":""},"categories":[2],"tags":[],"_links":{"self":[{"href":"https:\/\/www.correiodascidades.com.br\/v1\/wp-json\/wp\/v2\/posts\/2486"}],"collection":[{"href":"https:\/\/www.correiodascidades.com.br\/v1\/wp-json\/wp\/v2\/posts"}],"about":[{"href":"https:\/\/www.correiodascidades.com.br\/v1\/wp-json\/wp\/v2\/types\/post"}],"author":[{"embeddable":true,"href":"https:\/\/www.correiodascidades.com.br\/v1\/wp-json\/wp\/v2\/users\/3"}],"replies":[{"embeddable":true,"href":"https:\/\/www.correiodascidades.com.br\/v1\/wp-json\/wp\/v2\/comments?post=2486"}],"version-history":[{"count":4,"href":"https:\/\/www.correiodascidades.com.br\/v1\/wp-json\/wp\/v2\/posts\/2486\/revisions"}],"predecessor-version":[{"id":2500,"href":"https:\/\/www.correiodascidades.com.br\/v1\/wp-json\/wp\/v2\/posts\/2486\/revisions\/2500"}],"wp:featuredmedia":[{"embeddable":true,"href":"https:\/\/www.correiodascidades.com.br\/v1\/wp-json\/wp\/v2\/media\/2499"}],"wp:attachment":[{"href":"https:\/\/www.correiodascidades.com.br\/v1\/wp-json\/wp\/v2\/media?parent=2486"}],"wp:term":[{"taxonomy":"category","embeddable":true,"href":"https:\/\/www.correiodascidades.com.br\/v1\/wp-json\/wp\/v2\/categories?post=2486"},{"taxonomy":"post_tag","embeddable":true,"href":"https:\/\/www.correiodascidades.com.br\/v1\/wp-json\/wp\/v2\/tags?post=2486"}],"curies":[{"name":"wp","href":"https:\/\/api.w.org\/{rel}","templated":true}]}}