{"id":2530,"date":"2023-01-14T22:36:52","date_gmt":"2023-01-15T01:36:52","guid":{"rendered":"https:\/\/www.correiodascidades.com.br\/v1\/?p=2530"},"modified":"2023-01-14T22:36:52","modified_gmt":"2023-01-15T01:36:52","slug":"uma-pessoa-morre-e-tres-ficam-feridas-em-acidente-na-ba-046-em-santo-antonio-de-jesus","status":"publish","type":"post","link":"https:\/\/www.correiodascidades.com.br\/v1\/2023\/01\/14\/uma-pessoa-morre-e-tres-ficam-feridas-em-acidente-na-ba-046-em-santo-antonio-de-jesus\/","title":{"rendered":"Uma pessoa morre e tr\u00eas ficam feridas em acidente na BA-046, em Santo Ant\u00f4nio de Jesus"},"content":{"rendered":"<p><img loading=\"lazy\" class=\"\" src=\"https:\/\/www.correiodascidades.com.br\/v1\/wp-content\/uploads\/2023\/01\/WhatsApp-Image-2023-01-14-at-06.21.02-1-1024x768.jpeg.jpg\" width=\"584\" height=\"352\" \/><\/p>\n<p>Uma pessoa morreu e tuas ficaram feridas, ap\u00f3s dois carros bateram de frente, na BA-046 no perimetro urbano de Santo Ant\u00f4nio de Jesus, na manh\u00e3 deste s\u00e1bado (14).<!--more--><\/p>\n<p>Segundo o\u00a0<a href=\"http:\/\/www.blogdovalente.com.br\/\" target=\"_blank\" rel=\"noreferrer noopener\">Blog do Valente<\/a>, um ve\u00edculo modelo UP e um Ford Ka colidiram frontalmente nas imedia\u00e7\u00f5es do Clube dos Mil.<\/p>\n<p>&nbsp;<\/p>\n<div class=\"google-auto-placed ap_container\"><\/div>\n","protected":false},"excerpt":{"rendered":"<p>Uma pessoa morreu e tuas ficaram feridas, ap\u00f3s dois carros bateram de frente, na BA-046 no perimetro urbano de Santo Ant\u00f4nio de Jesus, na manh\u00e3 deste s\u00e1bado (14).<\/p>\n","protected":false},"author":3,"featured_media":2531,"comment_status":"closed","ping_status":"closed","sticky":false,"template":"","format":"standard","meta":{"_links_to":"","_links_to_target":""},"categories":[2],"tags":[],"_links":{"self":[{"href":"https:\/\/www.correiodascidades.com.br\/v1\/wp-json\/wp\/v2\/posts\/2530"}],"collection":[{"href":"https:\/\/www.correiodascidades.com.br\/v1\/wp-json\/wp\/v2\/posts"}],"about":[{"href":"https:\/\/www.correiodascidades.com.br\/v1\/wp-json\/wp\/v2\/types\/post"}],"author":[{"embeddable":true,"href":"https:\/\/www.correiodascidades.com.br\/v1\/wp-json\/wp\/v2\/users\/3"}],"replies":[{"embeddable":true,"href":"https:\/\/www.correiodascidades.com.br\/v1\/wp-json\/wp\/v2\/comments?post=2530"}],"version-history":[{"count":1,"href":"https:\/\/www.correiodascidades.com.br\/v1\/wp-json\/wp\/v2\/posts\/2530\/revisions"}],"predecessor-version":[{"id":2532,"href":"https:\/\/www.correiodascidades.com.br\/v1\/wp-json\/wp\/v2\/posts\/2530\/revisions\/2532"}],"wp:featuredmedia":[{"embeddable":true,"href":"https:\/\/www.correiodascidades.com.br\/v1\/wp-json\/wp\/v2\/media\/2531"}],"wp:attachment":[{"href":"https:\/\/www.correiodascidades.com.br\/v1\/wp-json\/wp\/v2\/media?parent=2530"}],"wp:term":[{"taxonomy":"category","embeddable":true,"href":"https:\/\/www.correiodascidades.com.br\/v1\/wp-json\/wp\/v2\/categories?post=2530"},{"taxonomy":"post_tag","embeddable":true,"href":"https:\/\/www.correiodascidades.com.br\/v1\/wp-json\/wp\/v2\/tags?post=2530"}],"curies":[{"name":"wp","href":"https:\/\/api.w.org\/{rel}","templated":true}]}}