{"id":2533,"date":"2023-01-14T22:42:19","date_gmt":"2023-01-15T01:42:19","guid":{"rendered":"https:\/\/www.correiodascidades.com.br\/v1\/?p=2533"},"modified":"2023-01-14T22:42:19","modified_gmt":"2023-01-15T01:42:19","slug":"fogos-de-artificio-caem-em-secretaria-de-saude-estilhacos-atingem-servidora-e-gestante-em-santa-terezinha","status":"publish","type":"post","link":"https:\/\/www.correiodascidades.com.br\/v1\/2023\/01\/14\/fogos-de-artificio-caem-em-secretaria-de-saude-estilhacos-atingem-servidora-e-gestante-em-santa-terezinha\/","title":{"rendered":"Fogos de artif\u00edcio caem em secretaria de sa\u00fade, estilha\u00e7os atingem servidora e gestante, em Santa Terezinha"},"content":{"rendered":"<p><img loading=\"lazy\" class=\"\" src=\"https:\/\/www.correiodascidades.com.br\/v1\/wp-content\/uploads\/2023\/01\/secretaria-de-saude-santa-teresinha.jpeg\" width=\"605\" height=\"370\" \/><\/p>\n<p>Uma servidora da secretaria de sa\u00fade de Santa Teresinha foi atingida por estilha\u00e7os de telhas de cer\u00e2mica ap\u00f3s fogos de artif\u00edcio atingirem o pr\u00e9dio, na \u00faltima quarta-feira (11).<!--more--><\/p>\n<p>Uma gestante que tamb\u00e9m estava no local passou mal e teve que ser encaminhada para um hospital de Salvador.<\/p>\n<p>Os fogos teriam partido de um grupo que estava pr\u00f3ximo da secretaria. \u00c0 pol\u00edcia, os suspeitos negaram que estivessem direcionado os artefatos para o im\u00f3vel e que estavam celebrando Senhor do Bonfim.<\/p>\n<p>N\u00e3o h\u00e1 informa\u00e7\u00f5es sobre o estado de sa\u00fade da servidora e da gestante.<\/p>\n<p><em>As informa\u00e7\u00f5es s\u00e3o do A Voz \u00e9 Aqui<\/em><\/p>\n","protected":false},"excerpt":{"rendered":"<p>Uma servidora da secretaria de sa\u00fade de Santa Teresinha foi atingida por estilha\u00e7os de telhas de cer\u00e2mica ap\u00f3s fogos de artif\u00edcio atingirem o pr\u00e9dio, na \u00faltima quarta-feira (11).<\/p>\n","protected":false},"author":3,"featured_media":2534,"comment_status":"closed","ping_status":"closed","sticky":false,"template":"","format":"standard","meta":{"_links_to":"","_links_to_target":""},"categories":[1],"tags":[],"_links":{"self":[{"href":"https:\/\/www.correiodascidades.com.br\/v1\/wp-json\/wp\/v2\/posts\/2533"}],"collection":[{"href":"https:\/\/www.correiodascidades.com.br\/v1\/wp-json\/wp\/v2\/posts"}],"about":[{"href":"https:\/\/www.correiodascidades.com.br\/v1\/wp-json\/wp\/v2\/types\/post"}],"author":[{"embeddable":true,"href":"https:\/\/www.correiodascidades.com.br\/v1\/wp-json\/wp\/v2\/users\/3"}],"replies":[{"embeddable":true,"href":"https:\/\/www.correiodascidades.com.br\/v1\/wp-json\/wp\/v2\/comments?post=2533"}],"version-history":[{"count":1,"href":"https:\/\/www.correiodascidades.com.br\/v1\/wp-json\/wp\/v2\/posts\/2533\/revisions"}],"predecessor-version":[{"id":2535,"href":"https:\/\/www.correiodascidades.com.br\/v1\/wp-json\/wp\/v2\/posts\/2533\/revisions\/2535"}],"wp:featuredmedia":[{"embeddable":true,"href":"https:\/\/www.correiodascidades.com.br\/v1\/wp-json\/wp\/v2\/media\/2534"}],"wp:attachment":[{"href":"https:\/\/www.correiodascidades.com.br\/v1\/wp-json\/wp\/v2\/media?parent=2533"}],"wp:term":[{"taxonomy":"category","embeddable":true,"href":"https:\/\/www.correiodascidades.com.br\/v1\/wp-json\/wp\/v2\/categories?post=2533"},{"taxonomy":"post_tag","embeddable":true,"href":"https:\/\/www.correiodascidades.com.br\/v1\/wp-json\/wp\/v2\/tags?post=2533"}],"curies":[{"name":"wp","href":"https:\/\/api.w.org\/{rel}","templated":true}]}}