{"id":2549,"date":"2023-01-15T11:41:44","date_gmt":"2023-01-15T14:41:44","guid":{"rendered":"https:\/\/www.correiodascidades.com.br\/v1\/?p=2549"},"modified":"2023-01-15T11:42:49","modified_gmt":"2023-01-15T14:42:49","slug":"ilheus-passa-bem-o-frances-que-levo-um-tiro-pelas-costas-vitima-de-assalto-na-venida-dois-e-julho","status":"publish","type":"post","link":"https:\/\/www.correiodascidades.com.br\/v1\/2023\/01\/15\/ilheus-passa-bem-o-frances-que-levo-um-tiro-pelas-costas-vitima-de-assalto-na-venida-dois-e-julho\/","title":{"rendered":"ILH\u00c9US: Passa bem o Franc\u00eas que levo um tiro pelas costas vitima de assalto na Avenida Dois e Julho."},"content":{"rendered":"<p><img loading=\"lazy\" class=\"\" src=\"https:\/\/www.correiodascidades.com.br\/v1\/wp-content\/uploads\/2023\/01\/IMG-20230114-WA0159.jpg\" width=\"613\" height=\"817\" \/><\/p>\n<p>Bernards Reisman, levou um tiro pelas cosas de forma covarde fruto de uma tentativa de assalto na manh\u00e3 deste s\u00e1bado (14), na feira dos pequenos agricultores que funciona na Avenida Dois de Julho. Reisman a v\u00edtima &#8211; estava na feira como sempre faz todos os s\u00e1bados, quando derrepente dois elementos montados em uma moto apareceu anunciando o assalto.<\/p>\n<p>Informa\u00e7\u00f5es da delegacia de policia deram conta de que o mesmo teria esbo\u00e7ado rea\u00e7\u00e3o o que levou os bandidos a lhe agredirem com um tiro que o atingiu as costas. O (SAMU) foi chamado para prestar os primeiros socorros e assim foi feito. Bernads foi encaminhado para o Hospital Costa do Cacau meia hora depois da agress\u00e3o. Neste domingo a noticia de que ele estava bem chegou para todos da fam\u00edlia amigos.<\/p>\n<p>A policia n\u00e3o informou sobre o paradeiro dos bandidos, de quem se trata e como est\u00e3o as investiga\u00e7\u00f5es. Est \u00e9 mais um dos crimes que acontecem na localidade e at\u00e9 ent\u00e3o em solu\u00e7\u00e3o.<\/p>\n","protected":false},"excerpt":{"rendered":"<p>Bernards Reisman, levou um tiro pelas cosas de forma covarde fruto de uma tentativa de assalto na manh\u00e3 deste s\u00e1bado (14), na feira dos pequenos agricultores que funciona na Avenida Dois de Julho. Reisman a v\u00edtima &#8211; estava na feira como sempre faz todos os s\u00e1bados, quando derrepente dois elementos montados em uma moto apareceu [&hellip;]<\/p>\n","protected":false},"author":3,"featured_media":2550,"comment_status":"closed","ping_status":"closed","sticky":false,"template":"","format":"standard","meta":{"_links_to":"","_links_to_target":""},"categories":[2],"tags":[],"_links":{"self":[{"href":"https:\/\/www.correiodascidades.com.br\/v1\/wp-json\/wp\/v2\/posts\/2549"}],"collection":[{"href":"https:\/\/www.correiodascidades.com.br\/v1\/wp-json\/wp\/v2\/posts"}],"about":[{"href":"https:\/\/www.correiodascidades.com.br\/v1\/wp-json\/wp\/v2\/types\/post"}],"author":[{"embeddable":true,"href":"https:\/\/www.correiodascidades.com.br\/v1\/wp-json\/wp\/v2\/users\/3"}],"replies":[{"embeddable":true,"href":"https:\/\/www.correiodascidades.com.br\/v1\/wp-json\/wp\/v2\/comments?post=2549"}],"version-history":[{"count":2,"href":"https:\/\/www.correiodascidades.com.br\/v1\/wp-json\/wp\/v2\/posts\/2549\/revisions"}],"predecessor-version":[{"id":2552,"href":"https:\/\/www.correiodascidades.com.br\/v1\/wp-json\/wp\/v2\/posts\/2549\/revisions\/2552"}],"wp:featuredmedia":[{"embeddable":true,"href":"https:\/\/www.correiodascidades.com.br\/v1\/wp-json\/wp\/v2\/media\/2550"}],"wp:attachment":[{"href":"https:\/\/www.correiodascidades.com.br\/v1\/wp-json\/wp\/v2\/media?parent=2549"}],"wp:term":[{"taxonomy":"category","embeddable":true,"href":"https:\/\/www.correiodascidades.com.br\/v1\/wp-json\/wp\/v2\/categories?post=2549"},{"taxonomy":"post_tag","embeddable":true,"href":"https:\/\/www.correiodascidades.com.br\/v1\/wp-json\/wp\/v2\/tags?post=2549"}],"curies":[{"name":"wp","href":"https:\/\/api.w.org\/{rel}","templated":true}]}}