{"id":2553,"date":"2023-01-15T12:04:43","date_gmt":"2023-01-15T15:04:43","guid":{"rendered":"https:\/\/www.correiodascidades.com.br\/v1\/?p=2553"},"modified":"2023-01-15T12:04:43","modified_gmt":"2023-01-15T15:04:43","slug":"congresso-prepara-convocacao-e-cpi-do-dino-para-investigar-vandalismo","status":"publish","type":"post","link":"https:\/\/www.correiodascidades.com.br\/v1\/2023\/01\/15\/congresso-prepara-convocacao-e-cpi-do-dino-para-investigar-vandalismo\/","title":{"rendered":"Congresso prepara convoca\u00e7\u00e3o e \u2018CPI do Dino\u2019 para investigar vandalismo"},"content":{"rendered":"<p><img loading=\"lazy\" class=\"\" src=\"https:\/\/www.correiodascidades.com.br\/v1\/wp-content\/uploads\/2023\/01\/FLAVIODINO-1501.jpg\" width=\"594\" height=\"396\" \/><\/p>\n<p><span class=\"dropcap \">P<\/span>arlamentares na C\u00e2mara e no Senado preparam uma ofensiva para apurar a responsabilidade do ministro Fl\u00e1vio Dino (Justi\u00e7a) nos atos de vandalismo em Bras\u00edlia, ocorridos no in\u00edcio do m\u00eas. O deputado Evair Vieira de Melo (PP-ES) gasta os sapatos para coletar assinaturas de apoio e instalar a \u2018CPI do Dino\u2019. No pedido de instala\u00e7\u00e3o, \u00e9 destacado que o ministro teve \u201cci\u00eancia pr\u00e9via e privilegiada\u201d da manifesta\u00e7\u00e3o.<!--more--><\/p>\n<div class=\"notas\">\n<div id=\"Nota-2\" class=\"entry-block ch-nota Nota-2\">\n<h3>Faltou comando<\/h3>\n<\/div>\n<p>O deputado destaca os alertas ignorados da Abin sobre a manifesta\u00e7\u00e3o e o baixo efetivo da For\u00e7a Nacional, que ficou \u00e0 deriva.<\/p>\n<div id=\"Nota-3\" class=\"entry-block ch-nota Nota-3\">\n<h3>Dois pesos<\/h3>\n<\/div>\n<p>\u201cApenas o governador do DF foi afastado, enquanto o ministro de Lula segue respondendo por sua pasta livremente\u201d, avalia o deputado.<\/p>\n<div id=\"Nota-4\" class=\"entry-block ch-nota Nota-4\">\n<h3>Preto no branco<\/h3>\n<\/div>\n<p>No Senado, Marcos do Val (Pode-ES) encabe\u00e7a a ofensiva. Quer convocar Fl\u00e1vio Dino para explicar a ina\u00e7\u00e3o diante dos fatos.<\/p>\n<div id=\"Nota-5\" class=\"entry-block ch-nota Nota-5\">\n<h3>Nada fez<\/h3>\n<\/div>\n<p>O senador avalia que Ibaneis foi induzido ao erro e quer apurar a responsabilidade do ministro de Lula, a quem acusa de prevarica\u00e7\u00e3o.<\/p>\n<\/div>\n","protected":false},"excerpt":{"rendered":"<p>Parlamentares na C\u00e2mara e no Senado preparam uma ofensiva para apurar a responsabilidade do ministro Fl\u00e1vio Dino (Justi\u00e7a) nos atos de vandalismo em Bras\u00edlia, ocorridos no in\u00edcio do m\u00eas. O deputado Evair Vieira de Melo (PP-ES) gasta os sapatos para coletar assinaturas de apoio e instalar a \u2018CPI do Dino\u2019. No pedido de instala\u00e7\u00e3o, \u00e9 [&hellip;]<\/p>\n","protected":false},"author":3,"featured_media":2554,"comment_status":"closed","ping_status":"closed","sticky":false,"template":"","format":"standard","meta":{"_links_to":"","_links_to_target":""},"categories":[2],"tags":[],"_links":{"self":[{"href":"https:\/\/www.correiodascidades.com.br\/v1\/wp-json\/wp\/v2\/posts\/2553"}],"collection":[{"href":"https:\/\/www.correiodascidades.com.br\/v1\/wp-json\/wp\/v2\/posts"}],"about":[{"href":"https:\/\/www.correiodascidades.com.br\/v1\/wp-json\/wp\/v2\/types\/post"}],"author":[{"embeddable":true,"href":"https:\/\/www.correiodascidades.com.br\/v1\/wp-json\/wp\/v2\/users\/3"}],"replies":[{"embeddable":true,"href":"https:\/\/www.correiodascidades.com.br\/v1\/wp-json\/wp\/v2\/comments?post=2553"}],"version-history":[{"count":1,"href":"https:\/\/www.correiodascidades.com.br\/v1\/wp-json\/wp\/v2\/posts\/2553\/revisions"}],"predecessor-version":[{"id":2555,"href":"https:\/\/www.correiodascidades.com.br\/v1\/wp-json\/wp\/v2\/posts\/2553\/revisions\/2555"}],"wp:featuredmedia":[{"embeddable":true,"href":"https:\/\/www.correiodascidades.com.br\/v1\/wp-json\/wp\/v2\/media\/2554"}],"wp:attachment":[{"href":"https:\/\/www.correiodascidades.com.br\/v1\/wp-json\/wp\/v2\/media?parent=2553"}],"wp:term":[{"taxonomy":"category","embeddable":true,"href":"https:\/\/www.correiodascidades.com.br\/v1\/wp-json\/wp\/v2\/categories?post=2553"},{"taxonomy":"post_tag","embeddable":true,"href":"https:\/\/www.correiodascidades.com.br\/v1\/wp-json\/wp\/v2\/tags?post=2553"}],"curies":[{"name":"wp","href":"https:\/\/api.w.org\/{rel}","templated":true}]}}