{"id":2556,"date":"2023-01-15T12:11:32","date_gmt":"2023-01-15T15:11:32","guid":{"rendered":"https:\/\/www.correiodascidades.com.br\/v1\/?p=2556"},"modified":"2023-01-15T12:11:32","modified_gmt":"2023-01-15T15:11:32","slug":"mae-e-filho-sao-esfaqueados-em-santo-estevao","status":"publish","type":"post","link":"https:\/\/www.correiodascidades.com.br\/v1\/2023\/01\/15\/mae-e-filho-sao-esfaqueados-em-santo-estevao\/","title":{"rendered":"M\u00e3e e filho s\u00e3o esfaqueados em Santo Est\u00eav\u00e3o"},"content":{"rendered":"<p><img loading=\"lazy\" class=\"\" src=\"https:\/\/www.correiodascidades.com.br\/v1\/wp-content\/uploads\/2023\/01\/viatura-e-samu.jpeg\" width=\"584\" height=\"422\" \/><\/p>\n<p><strong>U<\/strong>ma mulher de 27 anos e o filho de seis, foram hospitalizados ap\u00f3s serem feridos com v\u00e1rias facadas na noite deste s\u00e1bado (14). O caso aconteceu na Fazenda Boa Vista, na zona rural de Santo Est\u00eav\u00e3o.<!--more--><\/p>\n<p>A mulher e a crian\u00e7a ferida receberam os primeiros atendimentos no Hospital Dr\u00ba Jo\u00e3o Borges de Cerqueira. Logo em seguida a jovem foi transferida em estado grave para o Hospital Geral Cl\u00e9riston Andrade em Feira de Santana. J\u00e1 o menino foi encaminhado para o Hospital Estadual da Crian\u00e7a, entubado e em estado delicado.<\/p>\n<p>N\u00e3o h\u00e1 detalhes sobre o motivo do ataque. Tamb\u00e9m n\u00e3o h\u00e1 informa\u00e7\u00f5es sobre suspeito.<\/p>\n<p>O caso ser\u00e1 investigado pela Delegacia Territorial de Santo Est\u00eav\u00e3o. As informa\u00e7\u00f5es s\u00e3o do Forte no Rec\u00f4ncavo.<\/p>\n","protected":false},"excerpt":{"rendered":"<p>Uma mulher de 27 anos e o filho de seis, foram hospitalizados ap\u00f3s serem feridos com v\u00e1rias facadas na noite deste s\u00e1bado (14). O caso aconteceu na Fazenda Boa Vista, na zona rural de Santo Est\u00eav\u00e3o.<\/p>\n","protected":false},"author":3,"featured_media":2557,"comment_status":"closed","ping_status":"closed","sticky":false,"template":"","format":"standard","meta":{"_links_to":"","_links_to_target":""},"categories":[2],"tags":[],"_links":{"self":[{"href":"https:\/\/www.correiodascidades.com.br\/v1\/wp-json\/wp\/v2\/posts\/2556"}],"collection":[{"href":"https:\/\/www.correiodascidades.com.br\/v1\/wp-json\/wp\/v2\/posts"}],"about":[{"href":"https:\/\/www.correiodascidades.com.br\/v1\/wp-json\/wp\/v2\/types\/post"}],"author":[{"embeddable":true,"href":"https:\/\/www.correiodascidades.com.br\/v1\/wp-json\/wp\/v2\/users\/3"}],"replies":[{"embeddable":true,"href":"https:\/\/www.correiodascidades.com.br\/v1\/wp-json\/wp\/v2\/comments?post=2556"}],"version-history":[{"count":1,"href":"https:\/\/www.correiodascidades.com.br\/v1\/wp-json\/wp\/v2\/posts\/2556\/revisions"}],"predecessor-version":[{"id":2558,"href":"https:\/\/www.correiodascidades.com.br\/v1\/wp-json\/wp\/v2\/posts\/2556\/revisions\/2558"}],"wp:featuredmedia":[{"embeddable":true,"href":"https:\/\/www.correiodascidades.com.br\/v1\/wp-json\/wp\/v2\/media\/2557"}],"wp:attachment":[{"href":"https:\/\/www.correiodascidades.com.br\/v1\/wp-json\/wp\/v2\/media?parent=2556"}],"wp:term":[{"taxonomy":"category","embeddable":true,"href":"https:\/\/www.correiodascidades.com.br\/v1\/wp-json\/wp\/v2\/categories?post=2556"},{"taxonomy":"post_tag","embeddable":true,"href":"https:\/\/www.correiodascidades.com.br\/v1\/wp-json\/wp\/v2\/tags?post=2556"}],"curies":[{"name":"wp","href":"https:\/\/api.w.org\/{rel}","templated":true}]}}