{"id":2565,"date":"2023-01-15T18:53:26","date_gmt":"2023-01-15T21:53:26","guid":{"rendered":"https:\/\/www.correiodascidades.com.br\/v1\/?p=2565"},"modified":"2023-01-15T18:55:38","modified_gmt":"2023-01-15T21:55:38","slug":"vereador-carlo-augusto-augustao-se-solidariza-com-a-familia-de-ze-carlos-pelo-seu-passamento","status":"publish","type":"post","link":"https:\/\/www.correiodascidades.com.br\/v1\/2023\/01\/15\/vereador-carlo-augusto-augustao-se-solidariza-com-a-familia-de-ze-carlos-pelo-seu-passamento\/","title":{"rendered":"Vereador Carlos Augusto August\u00e3o se solidariza com a fam\u00edlia de Dr. Z\u00e9 Carlos pelo seu passamento"},"content":{"rendered":"<p><img loading=\"lazy\" class=\"\" src=\"https:\/\/www.correiodascidades.com.br\/v1\/wp-content\/uploads\/2023\/01\/IMG-20230115-WA0003-905x613-1.jpg\" width=\"648\" height=\"439\" \/><\/p>\n<p>O Vereado August\u00e3o lembra que al\u00e9m de m\u00e9dico Z\u00e9 Carlos sempre foi um grande ativista de esquerda e que sempre estiveram juntos na milit\u00e2ncia em prol das boas causas. &#8220;A partida de Z\u00e9 traz enorme preju\u00edzos a politica baiana nesse momento de idealiza\u00e7\u00f5es e avan\u00e7os com a chegada do PT ao poder central e estadual &#8220;.<!--more--><\/p>\n<p>Z\u00e9 Carlos era militante dentro do PT em Ilh\u00e9us e regi\u00e3o sempre atuou na frente das grandes lutas, sua luta era em prol dos menos favorecidos. Na medicina ele sempre atuou com firmeza e dedica\u00e7\u00e3o a todos.\u00a0 Como m\u00e9dico atuou nas frentes das doen\u00e7as infectocontagiosa o mesmo era m\u00e9dico sanitarista e por muito tempo atendeu no SESP em Ilh\u00e9us.<\/p>\n<p>Jos\u00e9 Carlos Ribeiro (71 anos), faleceu no s\u00e1bado 14 por complica\u00e7\u00f5es da Covid 19, ele estava internado no Hospital S\u00e3o Jos\u00e9. O corpo est\u00e1 sendo velado no Cafi de Samuel na rua do Caf\u00e9 de l\u00e1 seguir\u00e1 para a cidade de Alagoinhas .<\/p>\n<p>August\u00e3o amigo de Luta, deseja bom descanso ao mesmo e que a fam\u00edlia seja confortada nesse momento\u00a0 dor.<\/p>\n","protected":false},"excerpt":{"rendered":"<p>O Vereado August\u00e3o lembra que al\u00e9m de m\u00e9dico Z\u00e9 Carlos sempre foi um grande ativista de esquerda e que sempre estiveram juntos na milit\u00e2ncia em prol das boas causas. &#8220;A partida de Z\u00e9 traz enorme preju\u00edzos a politica baiana nesse momento de idealiza\u00e7\u00f5es e avan\u00e7os com a chegada do PT ao poder central e estadual [&hellip;]<\/p>\n","protected":false},"author":3,"featured_media":2566,"comment_status":"closed","ping_status":"closed","sticky":false,"template":"","format":"standard","meta":{"_links_to":"","_links_to_target":""},"categories":[3],"tags":[],"_links":{"self":[{"href":"https:\/\/www.correiodascidades.com.br\/v1\/wp-json\/wp\/v2\/posts\/2565"}],"collection":[{"href":"https:\/\/www.correiodascidades.com.br\/v1\/wp-json\/wp\/v2\/posts"}],"about":[{"href":"https:\/\/www.correiodascidades.com.br\/v1\/wp-json\/wp\/v2\/types\/post"}],"author":[{"embeddable":true,"href":"https:\/\/www.correiodascidades.com.br\/v1\/wp-json\/wp\/v2\/users\/3"}],"replies":[{"embeddable":true,"href":"https:\/\/www.correiodascidades.com.br\/v1\/wp-json\/wp\/v2\/comments?post=2565"}],"version-history":[{"count":2,"href":"https:\/\/www.correiodascidades.com.br\/v1\/wp-json\/wp\/v2\/posts\/2565\/revisions"}],"predecessor-version":[{"id":2568,"href":"https:\/\/www.correiodascidades.com.br\/v1\/wp-json\/wp\/v2\/posts\/2565\/revisions\/2568"}],"wp:featuredmedia":[{"embeddable":true,"href":"https:\/\/www.correiodascidades.com.br\/v1\/wp-json\/wp\/v2\/media\/2566"}],"wp:attachment":[{"href":"https:\/\/www.correiodascidades.com.br\/v1\/wp-json\/wp\/v2\/media?parent=2565"}],"wp:term":[{"taxonomy":"category","embeddable":true,"href":"https:\/\/www.correiodascidades.com.br\/v1\/wp-json\/wp\/v2\/categories?post=2565"},{"taxonomy":"post_tag","embeddable":true,"href":"https:\/\/www.correiodascidades.com.br\/v1\/wp-json\/wp\/v2\/tags?post=2565"}],"curies":[{"name":"wp","href":"https:\/\/api.w.org\/{rel}","templated":true}]}}