{"id":2569,"date":"2023-01-15T19:38:08","date_gmt":"2023-01-15T22:38:08","guid":{"rendered":"https:\/\/www.correiodascidades.com.br\/v1\/?p=2569"},"modified":"2023-01-15T22:28:28","modified_gmt":"2023-01-16T01:28:28","slug":"chapa-01-hum-foi-a-eleita-vencedora-da-associacao-dos-moradores-do-bairro-nelson-costa","status":"publish","type":"post","link":"https:\/\/www.correiodascidades.com.br\/v1\/2023\/01\/15\/chapa-01-hum-foi-a-eleita-vencedora-da-associacao-dos-moradores-do-bairro-nelson-costa\/","title":{"rendered":"Chapa (01) hum, foi a eleita vencedora da Associa\u00e7\u00e3o dos Moradores do Bairro Nelson Costa. Vit\u00f3ria que pode ser barrada na justi\u00e7a"},"content":{"rendered":"<p><img loading=\"lazy\" class=\"\" src=\"https:\/\/www.correiodascidades.com.br\/v1\/wp-content\/uploads\/2023\/01\/d29262ee-bb80-4b81-b5c1-ee5e392b5037.jpg\" width=\"628\" height=\"839\" \/><\/p>\n<p>Tendo como Presidente Luiz meu povo, e vice Almerindo a chapa foi a vitoriosa\u00a0 no pleito disputado obtendo Chapa 1 &#8211; 508 ( Chapa eleita )<br \/>\nA chapa teve o apoio do Vereador CAIC Souza, que atrav\u00e9s de Almerindo fizeram toda articula\u00e7\u00e3o para garimpagem de votos.<!--more--> Durante duas semanas, foram colocados carros de som na comunidade, deram entrevistas em r\u00e1dios, fizeram boca-boca, e o resultado veio. Quase todas as chapas tiveram seu apoiadores. De acordo com informa\u00e7\u00f5es teve chapa que teve at\u00e9 o apoio do governo municipal. O fato \u00e9 que o bairro saiu ganhando.<\/p>\n<p>A festa democr\u00e1tica, levou muita gente ao Grupo Escolar da localidade para o exerc\u00edcio do voto, quase mil pessoas compareceram muitas delas ficaram sem votar por quest\u00f5es de descumprimento de regras, quem n\u00e3o justificava moradia na localidade n\u00e3o teve direito a voto.<\/p>\n<p>O pleito come\u00e7ou \u00e1s 08hs, da manh\u00e3\u00a0 e se encerrou \u00e1s 16hs ficando assim;<\/p>\n<p>Chapa 1 &#8211; 508 ( Chapa eleita ) &#8211; Luiz Meu Povo e Almerindo<\/p>\n<p>Chapa 2 &#8211; 96 ( 3\u00ba lugar) &#8211; Professora Ang\u00e9lica e Ded\u00e9 Pneus<\/p>\n<p>Chapa 3 &#8211; 231 votos (2\u00ba lugar) professora Amanda e C\u00e2ndido Rodrigues<\/p>\n<p>Chapa 4 &#8211; 64 votos &#8211; (4\u00ba lugar) Papai Noel.<\/p>\n<p>A vit\u00f3ria da chapa 01 pode ser barrada na Justi\u00e7a diante de um apelo feito pela chapa dois (02) que promete impugnar a elei\u00e7\u00e3o. A justificativa do apelo em busca e aparo na lei est\u00e1 em uma conversa gravada pelo candidato da chapa um Luiz meu povo agradecendo a uma pessoa pelo apoio e deixando claro que a entidade estaria a disposi\u00e7\u00e3o de um determinado, e agradecendo ao mesmo pelo apoio.<\/p>\n<p>Outros questionamentos ser\u00e3o\u00a0 colocados pelos queixosos de outras a\u00e7\u00f5es, onde n\u00e3o ouvi o principio da paridade e sim, o abuso do poder econ\u00f4mico. A chapas ir\u00e3o se pronunciar na justi\u00e7a e a elei\u00e7\u00e3o poder\u00e1 ser cancelada. Foi o que disse a Secretaria da chapa dois Noemi.<\/p>\n","protected":false},"excerpt":{"rendered":"<p>Tendo como Presidente Luiz meu povo, e vice Almerindo a chapa foi a vitoriosa\u00a0 no pleito disputado obtendo Chapa 1 &#8211; 508 ( Chapa eleita ) A chapa teve o apoio do Vereador CAIC Souza, que atrav\u00e9s de Almerindo fizeram toda articula\u00e7\u00e3o para garimpagem de votos.<\/p>\n","protected":false},"author":3,"featured_media":2570,"comment_status":"closed","ping_status":"closed","sticky":false,"template":"","format":"standard","meta":{"_links_to":"","_links_to_target":""},"categories":[3],"tags":[],"_links":{"self":[{"href":"https:\/\/www.correiodascidades.com.br\/v1\/wp-json\/wp\/v2\/posts\/2569"}],"collection":[{"href":"https:\/\/www.correiodascidades.com.br\/v1\/wp-json\/wp\/v2\/posts"}],"about":[{"href":"https:\/\/www.correiodascidades.com.br\/v1\/wp-json\/wp\/v2\/types\/post"}],"author":[{"embeddable":true,"href":"https:\/\/www.correiodascidades.com.br\/v1\/wp-json\/wp\/v2\/users\/3"}],"replies":[{"embeddable":true,"href":"https:\/\/www.correiodascidades.com.br\/v1\/wp-json\/wp\/v2\/comments?post=2569"}],"version-history":[{"count":4,"href":"https:\/\/www.correiodascidades.com.br\/v1\/wp-json\/wp\/v2\/posts\/2569\/revisions"}],"predecessor-version":[{"id":2575,"href":"https:\/\/www.correiodascidades.com.br\/v1\/wp-json\/wp\/v2\/posts\/2569\/revisions\/2575"}],"wp:featuredmedia":[{"embeddable":true,"href":"https:\/\/www.correiodascidades.com.br\/v1\/wp-json\/wp\/v2\/media\/2570"}],"wp:attachment":[{"href":"https:\/\/www.correiodascidades.com.br\/v1\/wp-json\/wp\/v2\/media?parent=2569"}],"wp:term":[{"taxonomy":"category","embeddable":true,"href":"https:\/\/www.correiodascidades.com.br\/v1\/wp-json\/wp\/v2\/categories?post=2569"},{"taxonomy":"post_tag","embeddable":true,"href":"https:\/\/www.correiodascidades.com.br\/v1\/wp-json\/wp\/v2\/tags?post=2569"}],"curies":[{"name":"wp","href":"https:\/\/api.w.org\/{rel}","templated":true}]}}