{"id":2579,"date":"2023-01-16T10:26:55","date_gmt":"2023-01-16T13:26:55","guid":{"rendered":"https:\/\/www.correiodascidades.com.br\/v1\/?p=2579"},"modified":"2023-01-16T10:26:55","modified_gmt":"2023-01-16T13:26:55","slug":"cota-unica-do-ipva-deve-ser-paga-em-10-de-fevereiro","status":"publish","type":"post","link":"https:\/\/www.correiodascidades.com.br\/v1\/2023\/01\/16\/cota-unica-do-ipva-deve-ser-paga-em-10-de-fevereiro\/","title":{"rendered":"Cota \u00fanica do IPVA deve ser paga em 10 de fevereiro"},"content":{"rendered":"<p><img loading=\"lazy\" class=\"\" src=\"https:\/\/www.correiodascidades.com.br\/v1\/wp-content\/uploads\/2023\/01\/n_45447_5346b5c4f02edb816860d9ade175e863-_1_.jpeg\" width=\"588\" height=\"339\" \/><\/p>\n<p>O pagamento do IPVA \u00e9 obrigat\u00f3rio e a al\u00edquota apresenta varia\u00e7\u00e3o conforme o modelo e a o ano de fabrica\u00e7\u00e3o do ve\u00edculo e tamb\u00e9m o estado em que o contribuinte mora. Na Bahia, os contribuintes que optarem pelo pagamento do IPVA 2023 em cota \u00fanica ter\u00e3o desconto de 20%. A parcela vence no dia 10 de fevereiro.<!--more--> Quem optar pelo parcelamento ter\u00e1 10% de desconto. Ser\u00e1 poss\u00edvel pagar o IPVA em at\u00e9 cinco vezes, com o vencimento da parcela variando de acordo com o n\u00famero final da placa do ve\u00edculo.<\/p>\n<p>Tamb\u00e9m est\u00e1 valendo o desconto em dobro para quem deixar para fazer a quita\u00e7\u00e3o integral do IPVA na primeira cota do parcelamento, cuja data varia de acordo com o n\u00famero final da placa do ve\u00edculo. O abatimento, neste caso, ser\u00e1 de 10%.<\/p>\n<div class=\"google-auto-placed ap_container\"><ins class=\"adsbygoogle adsbygoogle-noablate\" data-ad-format=\"auto\" data-ad-client=\"ca-pub-3384338128226776\" data-adsbygoogle-status=\"done\" data-ad-status=\"filled\"><\/p>\n<div id=\"aswift_3_host\" tabindex=\"0\" title=\"Advertisement\" aria-label=\"Advertisement\">Para mais informa\u00e7\u00f5es e conferir as datas de pagamento de acordo co a placa do ve\u00edculo, acesse o site da Secretaria de Fazenda da Bahia ou ligue 0800 071 0071O. Fonte: Metro1<\/div>\n<p><\/ins><\/div>\n<p>O pagamento do IPVA \u00e9 obrigat\u00f3rio e a al\u00edquota apresenta varia\u00e7\u00e3o conforme o modelo e a o ano de fabrica\u00e7\u00e3o do ve\u00edculo e tamb\u00e9m o estado em que o contribuinte mora. Na Bahia, os contribuintes que optarem pelo pagamento do IPVA 2023 em cota \u00fanica ter\u00e3o desconto de 20%. A parcela vence no dia 10 de fevereiro. Quem optar pelo parcelamento ter\u00e1 10% de desconto. Ser\u00e1 poss\u00edvel pagar o IPVA em at\u00e9 cinco vezes, com o vencimento da parcela variando de acordo com o n\u00famero final da placa do ve\u00edculo.<\/p>\n<p>Tamb\u00e9m est\u00e1 valendo o desconto em dobro para quem deixar para fazer a quita\u00e7\u00e3o integral do IPVA na primeira cota do parcelamento, cuja data varia de acordo com o n\u00famero final da placa do ve\u00edculo. O abatimento, neste caso, ser\u00e1 de 10%.<\/p>\n<div class=\"google-auto-placed ap_container\"><ins class=\"adsbygoogle adsbygoogle-noablate\" data-ad-format=\"auto\" data-ad-client=\"ca-pub-3384338128226776\" data-adsbygoogle-status=\"done\" data-ad-status=\"filled\"><\/p>\n<div id=\"aswift_3_host\" tabindex=\"0\" title=\"Advertisement\" aria-label=\"Advertisement\">Para mais informa\u00e7\u00f5es e conferir as datas de pagamento de acordo co a placa do ve\u00edculo, acesse o site da Secretaria de Fazenda da Bahia ou ligue 0800 071 0071O. Fonte: Metro1<\/div>\n<p><\/ins><\/div>\n","protected":false},"excerpt":{"rendered":"<p>O pagamento do IPVA \u00e9 obrigat\u00f3rio e a al\u00edquota apresenta varia\u00e7\u00e3o conforme o modelo e a o ano de fabrica\u00e7\u00e3o do ve\u00edculo e tamb\u00e9m o estado em que o contribuinte mora. Na Bahia, os contribuintes que optarem pelo pagamento do IPVA 2023 em cota \u00fanica ter\u00e3o desconto de 20%. A parcela vence no dia 10 [&hellip;]<\/p>\n","protected":false},"author":3,"featured_media":2580,"comment_status":"closed","ping_status":"closed","sticky":false,"template":"","format":"standard","meta":{"_links_to":"","_links_to_target":""},"categories":[1],"tags":[],"_links":{"self":[{"href":"https:\/\/www.correiodascidades.com.br\/v1\/wp-json\/wp\/v2\/posts\/2579"}],"collection":[{"href":"https:\/\/www.correiodascidades.com.br\/v1\/wp-json\/wp\/v2\/posts"}],"about":[{"href":"https:\/\/www.correiodascidades.com.br\/v1\/wp-json\/wp\/v2\/types\/post"}],"author":[{"embeddable":true,"href":"https:\/\/www.correiodascidades.com.br\/v1\/wp-json\/wp\/v2\/users\/3"}],"replies":[{"embeddable":true,"href":"https:\/\/www.correiodascidades.com.br\/v1\/wp-json\/wp\/v2\/comments?post=2579"}],"version-history":[{"count":1,"href":"https:\/\/www.correiodascidades.com.br\/v1\/wp-json\/wp\/v2\/posts\/2579\/revisions"}],"predecessor-version":[{"id":2581,"href":"https:\/\/www.correiodascidades.com.br\/v1\/wp-json\/wp\/v2\/posts\/2579\/revisions\/2581"}],"wp:featuredmedia":[{"embeddable":true,"href":"https:\/\/www.correiodascidades.com.br\/v1\/wp-json\/wp\/v2\/media\/2580"}],"wp:attachment":[{"href":"https:\/\/www.correiodascidades.com.br\/v1\/wp-json\/wp\/v2\/media?parent=2579"}],"wp:term":[{"taxonomy":"category","embeddable":true,"href":"https:\/\/www.correiodascidades.com.br\/v1\/wp-json\/wp\/v2\/categories?post=2579"},{"taxonomy":"post_tag","embeddable":true,"href":"https:\/\/www.correiodascidades.com.br\/v1\/wp-json\/wp\/v2\/tags?post=2579"}],"curies":[{"name":"wp","href":"https:\/\/api.w.org\/{rel}","templated":true}]}}