{"id":2583,"date":"2023-01-16T20:28:22","date_gmt":"2023-01-16T23:28:22","guid":{"rendered":"https:\/\/www.correiodascidades.com.br\/v1\/?p=2583"},"modified":"2023-01-16T20:28:22","modified_gmt":"2023-01-16T23:28:22","slug":"a-pedido-do-prefeito-mario-alexandre-estado-realiza-operacao-tapa-buracos-na-zona-norte-de-ilheus","status":"publish","type":"post","link":"https:\/\/www.correiodascidades.com.br\/v1\/2023\/01\/16\/a-pedido-do-prefeito-mario-alexandre-estado-realiza-operacao-tapa-buracos-na-zona-norte-de-ilheus\/","title":{"rendered":"A pedido do prefeito M\u00e1rio Alexandre, Estado realiza opera\u00e7\u00e3o tapa-buracos na Zona Norte de Ilh\u00e9us"},"content":{"rendered":"<p><img loading=\"lazy\" class=\"\" src=\"https:\/\/www.correiodascidades.com.br\/v1\/wp-content\/uploads\/2023\/01\/tapaburaco1.jpg\" width=\"555\" height=\"312\" \/><\/p>\n<p style=\"font-weight: 400;\">Inclu\u00edda no pacote de infraestrutura executado pelo Governo do Estado, a Zona Norte de Ilh\u00e9us receber\u00e1 em breve obras de requalifica\u00e7\u00e3o, com urbaniza\u00e7\u00e3o, paisagismo e pavimenta\u00e7\u00e3o do trecho que se estende at\u00e9 o bairro do Iguape.<!--more-->\u00a0Visto que os servi\u00e7os ainda n\u00e3o foram iniciados e dada a urg\u00eancia da recomposi\u00e7\u00e3o asf\u00e1ltica da via, o prefeito M\u00e1rio Alexandre solicitou a retomada da opera\u00e7\u00e3o tapa-buracos, em atendimento \u00e0s demandas da popula\u00e7\u00e3o que utiliza diariamente a rodovia.<\/p>\n<p style=\"font-weight: 400;\">A equipe da Superintend\u00eancia de Infraestrutura e Transportes da Bahia (SIT\/Seinfra) realiza a manuten\u00e7\u00e3o de aproximadamente tr\u00eas quil\u00f4metros, saindo das proximidades do 5\u00ba Grupamento de Bombeiros Militar, passando pelo bairro Jardim Savoia, at\u00e9 as imedia\u00e7\u00f5es do\u00a0Polo Industrial.\u00a0A opera\u00e7\u00e3o tapa-buracos come\u00e7ou nesta segunda-feira (16).<\/p>\n<p style=\"font-weight: 400;\">O trabalho tem como\u00a0objetivo garantir maior seguran\u00e7a no tr\u00e2nsito e recuperar as vias que foram danificadas. Neste primeiro momento, o \u00f3rg\u00e3o prioriza os trechos mais necessitados. Todavia, o cronograma atende de forma pontual outras \u00e1reas que tamb\u00e9m precisam de melhorias na infraestrutura.<\/p>\n","protected":false},"excerpt":{"rendered":"<p>Inclu\u00edda no pacote de infraestrutura executado pelo Governo do Estado, a Zona Norte de Ilh\u00e9us receber\u00e1 em breve obras de requalifica\u00e7\u00e3o, com urbaniza\u00e7\u00e3o, paisagismo e pavimenta\u00e7\u00e3o do trecho que se estende at\u00e9 o bairro do Iguape.<\/p>\n","protected":false},"author":3,"featured_media":2584,"comment_status":"closed","ping_status":"closed","sticky":false,"template":"","format":"standard","meta":{"_links_to":"","_links_to_target":""},"categories":[2],"tags":[],"_links":{"self":[{"href":"https:\/\/www.correiodascidades.com.br\/v1\/wp-json\/wp\/v2\/posts\/2583"}],"collection":[{"href":"https:\/\/www.correiodascidades.com.br\/v1\/wp-json\/wp\/v2\/posts"}],"about":[{"href":"https:\/\/www.correiodascidades.com.br\/v1\/wp-json\/wp\/v2\/types\/post"}],"author":[{"embeddable":true,"href":"https:\/\/www.correiodascidades.com.br\/v1\/wp-json\/wp\/v2\/users\/3"}],"replies":[{"embeddable":true,"href":"https:\/\/www.correiodascidades.com.br\/v1\/wp-json\/wp\/v2\/comments?post=2583"}],"version-history":[{"count":1,"href":"https:\/\/www.correiodascidades.com.br\/v1\/wp-json\/wp\/v2\/posts\/2583\/revisions"}],"predecessor-version":[{"id":2585,"href":"https:\/\/www.correiodascidades.com.br\/v1\/wp-json\/wp\/v2\/posts\/2583\/revisions\/2585"}],"wp:featuredmedia":[{"embeddable":true,"href":"https:\/\/www.correiodascidades.com.br\/v1\/wp-json\/wp\/v2\/media\/2584"}],"wp:attachment":[{"href":"https:\/\/www.correiodascidades.com.br\/v1\/wp-json\/wp\/v2\/media?parent=2583"}],"wp:term":[{"taxonomy":"category","embeddable":true,"href":"https:\/\/www.correiodascidades.com.br\/v1\/wp-json\/wp\/v2\/categories?post=2583"},{"taxonomy":"post_tag","embeddable":true,"href":"https:\/\/www.correiodascidades.com.br\/v1\/wp-json\/wp\/v2\/tags?post=2583"}],"curies":[{"name":"wp","href":"https:\/\/api.w.org\/{rel}","templated":true}]}}